{"id":4348,"date":"2021-07-22T13:00:57","date_gmt":"2021-07-22T18:00:57","guid":{"rendered":"https:\/\/staging.macabro.mx\/?p=4348"},"modified":"2021-07-22T12:46:14","modified_gmt":"2021-07-22T17:46:14","slug":"seleccion-oficial-de-cortometraje-animado-de-horror-macabro-xx","status":"publish","type":"post","link":"https:\/\/staging.macabro.mx\/en\/seleccion-oficial-de-cortometraje-animado-de-horror-macabro-xx\/","title":{"rendered":"Selecci\u00f3n oficial de cortometraje animado de horror  &#8211; Macabro XX"},"content":{"rendered":"<p>El Festival Internacional de Cine de Horror de la Ciudad de M\u00e9xico, Macabro se complace en anunciar la selecci\u00f3n oficial de cortometraje animado de horror.<\/p>\n<p><img decoding=\"async\" src=\"https:\/\/ci5.googleusercontent.com\/proxy\/9L1-nmJrbQQsv3Wh-Yki0kqNEE6xP-g-Ao1PWqTV7aiSTF-TA7Fo1THDcx2ujlKdCXxEofK5n12jsJzdDF3ttXQf5rJIG_4-_cWRit-rHoBaY-I6WV6MJ_kugWhiJjjSXAliaeq3knY2E6jNi7yRiquM9MMr5icX99Ay3w=s0-d-e1-ft#https:\/\/mcusercontent.com\/4d694d182fbdfe4d59f4e9e34\/_compresseds\/ed585d96-e7bd-655e-0565-c2726cc9c183.jpg\" \/><\/p>\n<p><strong>PSYCHOPHONIC | Dir. Aline Romero | Espa\u00f1a | 2019 | 5 min.<\/strong><br \/>\nDurante una noche de luna llena, un gato queda atrapado dentro de una casa embrujada donde un gram\u00f3fono suena. El gato descubrir\u00e1 un secreto mientras intenta escapar por su vida.<\/p>\n<p><strong>EL DESFILE DE LOS AUSENTES | Dir. Marcos Almada | M\u00e9xico | 2020 | 9 min.<\/strong><br \/>\nEn un futuro dist\u00f3pico, un joven zorro se ve envuelto con un grupo revolucionario que intenta enfrentarse al gobierno de un tirano cerdo.<\/p>\n<p><strong>RE-ANIMAL | Dir. Rub\u00e9n Garcer\u00e1 | Espa\u00f1a | 2021 | 13 min.<\/strong><br \/>\nUna serie de cr\u00edmenes est\u00e1 devastando la ciudad y solo hay una persona capaz de encontrar al culpable: Toni Pistas. Cuando el Sr. y la Sra. Mendoza son asesinados, es contratado para entrar en acci\u00f3n. Pero el tiempo est\u00e1 en su contra mientras nuevas v\u00edctimas comienzan a aparecer y la polic\u00eda no est\u00e1 por ning\u00fan lugar.<\/p>\n<p><strong>THE EXPECTED | Dir. Carolina Sandvik | Suecia | 2021 | 14 min.<\/strong><br \/>\nLa esposa embarazada de un hombre pierde toda su sangre de forma misteriosa mientras yace en la ba\u00f1era del departamento. Sin saber que hacer, el hombre deposita toda la sangre en el acuario de la sala. Con el paso del tiempo, algo comienza a crecer en el acuario&#8230;<\/p>\n<p><strong>THE TALE OF THE GREEN CHEESE | Dir. Noah Enri | Suiza |2020 | 4 min.<\/strong><br \/>\nUn campesino lleva una vida id\u00edlica en los Alpes Suizos hasta que una de sus cabras, da a luz a una cr\u00eda que no deber\u00eda verse as\u00ed&#8230;<\/p>","protected":false},"excerpt":{"rendered":"El Festival Internacional de Cine de Horror de la Ciudad de M\u00e9xico, Macabro se complace en anunciar la selecci\u00f3n oficial de cortometraje animado de horror. PSYCHOPHONIC | Dir. Aline Romero | Espa\u00f1a | 2019 | 5 min. Durante una noche de luna llena, un gato queda atrapado dentro de una casa embrujada donde un gram\u00f3fono","protected":false},"author":2,"featured_media":4350,"comment_status":"open","ping_status":"open","sticky":false,"template":"","format":"standard","meta":{"_acf_changed":false,"footnotes":""},"categories":[2],"tags":[221,1419,128,20,1420,48,23,54,1410,57],"festival_year":[],"class_list":["post-4348","post","type-post","status-publish","format-standard","has-post-thumbnail","hentry","category-diario-macabro","tag-animacion","tag-animation-films","tag-cine-de-horror","tag-cine-de-terror","tag-cortometraje-animado","tag-horror-films","tag-macabro-fich","tag-macabro-film-festival","tag-macabro-xx","tag-macabrofich"],"acf":[],"yoast_head":"<!-- This site is optimized with the Yoast SEO plugin v27.2 - https:\/\/yoast.com\/product\/yoast-seo-wordpress\/ -->\n<title>Selecci\u00f3n oficial de cortometraje animado de horror - Macabro XX | Macabro<\/title>\n<meta name=\"robots\" content=\"index, follow, max-snippet:-1, max-image-preview:large, max-video-preview:-1\" \/>\n<link rel=\"canonical\" href=\"https:\/\/staging.macabro.mx\/en\/seleccion-oficial-de-cortometraje-animado-de-horror-macabro-xx\/\" \/>\n<meta property=\"og:locale\" content=\"en_US\" \/>\n<meta property=\"og:type\" content=\"article\" \/>\n<meta property=\"og:title\" content=\"Selecci\u00f3n oficial de cortometraje animado de horror - Macabro XX | Macabro\" \/>\n<meta property=\"og:description\" content=\"El Festival Internacional de Cine de Horror de la Ciudad de M\u00e9xico, Macabro se complace en anunciar la selecci\u00f3n oficial de cortometraje animado de horror. PSYCHOPHONIC | Dir. Aline Romero | Espa\u00f1a | 2019 | 5 min. Durante una noche de luna llena, un gato queda atrapado dentro de una casa embrujada donde un gram\u00f3fono\" \/>\n<meta property=\"og:url\" content=\"https:\/\/staging.macabro.mx\/en\/seleccion-oficial-de-cortometraje-animado-de-horror-macabro-xx\/\" \/>\n<meta property=\"og:site_name\" content=\"Macabro\" \/>\n<meta property=\"article:publisher\" content=\"https:\/\/www.facebook.com\/MacabroFICH\" \/>\n<meta property=\"article:published_time\" content=\"2021-07-22T18:00:57+00:00\" \/>\n<meta property=\"og:image\" content=\"https:\/\/staging.macabro.mx\/wp-content\/uploads\/2021\/07\/PERF_0003_medio-rojo.png\" \/>\n\t<meta property=\"og:image:width\" content=\"1080\" \/>\n\t<meta property=\"og:image:height\" content=\"1080\" \/>\n\t<meta property=\"og:image:type\" content=\"image\/png\" \/>\n<meta name=\"author\" content=\"Diario Macabro\" \/>\n<meta name=\"twitter:card\" content=\"summary_large_image\" \/>\n<meta name=\"twitter:creator\" content=\"@MacabroFICH\" \/>\n<meta name=\"twitter:site\" content=\"@MacabroFICH\" \/>\n<meta name=\"twitter:label1\" content=\"Written by\" \/>\n\t<meta name=\"twitter:data1\" content=\"Diario Macabro\" \/>\n\t<meta name=\"twitter:label2\" content=\"Est. reading time\" \/>\n\t<meta name=\"twitter:data2\" content=\"2 minutes\" \/>\n<script type=\"application\/ld+json\" class=\"yoast-schema-graph\">{\"@context\":\"https:\/\/schema.org\",\"@graph\":[{\"@type\":\"Article\",\"@id\":\"https:\/\/staging.macabro.mx\/seleccion-oficial-de-cortometraje-animado-de-horror-macabro-xx\/#article\",\"isPartOf\":{\"@id\":\"https:\/\/staging.macabro.mx\/seleccion-oficial-de-cortometraje-animado-de-horror-macabro-xx\/\"},\"author\":{\"name\":\"Diario Macabro\",\"@id\":\"https:\/\/staging.macabro.mx\/#\/schema\/person\/cb1d7e57b8371a3558481dab1425691d\"},\"headline\":\"Selecci\u00f3n oficial de cortometraje animado de horror &#8211; Macabro XX\",\"datePublished\":\"2021-07-22T18:00:57+00:00\",\"mainEntityOfPage\":{\"@id\":\"https:\/\/staging.macabro.mx\/seleccion-oficial-de-cortometraje-animado-de-horror-macabro-xx\/\"},\"wordCount\":277,\"commentCount\":0,\"publisher\":{\"@id\":\"https:\/\/staging.macabro.mx\/#organization\"},\"image\":{\"@id\":\"https:\/\/staging.macabro.mx\/seleccion-oficial-de-cortometraje-animado-de-horror-macabro-xx\/#primaryimage\"},\"thumbnailUrl\":\"https:\/\/staging.macabro.mx\/wp-content\/uploads\/2021\/07\/PERF_0003_medio-rojo.png\",\"keywords\":[\"Animaci\u00f3n\",\"Animation Films\",\"Cine de horror\",\"cine de terror\",\"Cortometraje animado\",\"Horror Films\",\"Macabro FICH\",\"Macabro Film Festival\",\"Macabro XX\",\"MacabroFICH\"],\"articleSection\":[\"Diario Macabro\"],\"inLanguage\":\"en-US\",\"potentialAction\":[{\"@type\":\"CommentAction\",\"name\":\"Comment\",\"target\":[\"https:\/\/staging.macabro.mx\/seleccion-oficial-de-cortometraje-animado-de-horror-macabro-xx\/#respond\"]}]},{\"@type\":\"WebPage\",\"@id\":\"https:\/\/staging.macabro.mx\/seleccion-oficial-de-cortometraje-animado-de-horror-macabro-xx\/\",\"url\":\"https:\/\/staging.macabro.mx\/seleccion-oficial-de-cortometraje-animado-de-horror-macabro-xx\/\",\"name\":\"Selecci\u00f3n oficial de cortometraje animado de horror - Macabro XX | Macabro\",\"isPartOf\":{\"@id\":\"https:\/\/staging.macabro.mx\/#website\"},\"primaryImageOfPage\":{\"@id\":\"https:\/\/staging.macabro.mx\/seleccion-oficial-de-cortometraje-animado-de-horror-macabro-xx\/#primaryimage\"},\"image\":{\"@id\":\"https:\/\/staging.macabro.mx\/seleccion-oficial-de-cortometraje-animado-de-horror-macabro-xx\/#primaryimage\"},\"thumbnailUrl\":\"https:\/\/staging.macabro.mx\/wp-content\/uploads\/2021\/07\/PERF_0003_medio-rojo.png\",\"datePublished\":\"2021-07-22T18:00:57+00:00\",\"breadcrumb\":{\"@id\":\"https:\/\/staging.macabro.mx\/seleccion-oficial-de-cortometraje-animado-de-horror-macabro-xx\/#breadcrumb\"},\"inLanguage\":\"en-US\",\"potentialAction\":[{\"@type\":\"ReadAction\",\"target\":[\"https:\/\/staging.macabro.mx\/seleccion-oficial-de-cortometraje-animado-de-horror-macabro-xx\/\"]}]},{\"@type\":\"ImageObject\",\"inLanguage\":\"en-US\",\"@id\":\"https:\/\/staging.macabro.mx\/seleccion-oficial-de-cortometraje-animado-de-horror-macabro-xx\/#primaryimage\",\"url\":\"https:\/\/staging.macabro.mx\/wp-content\/uploads\/2021\/07\/PERF_0003_medio-rojo.png\",\"contentUrl\":\"https:\/\/staging.macabro.mx\/wp-content\/uploads\/2021\/07\/PERF_0003_medio-rojo.png\",\"width\":1080,\"height\":1080},{\"@type\":\"BreadcrumbList\",\"@id\":\"https:\/\/staging.macabro.mx\/seleccion-oficial-de-cortometraje-animado-de-horror-macabro-xx\/#breadcrumb\",\"itemListElement\":[{\"@type\":\"ListItem\",\"position\":1,\"name\":\"Home\",\"item\":\"https:\/\/staging.macabro.mx\/\"},{\"@type\":\"ListItem\",\"position\":2,\"name\":\"Diario Macabro\",\"item\":\"https:\/\/staging.macabro.mx\/category\/diario-macabro\/\"},{\"@type\":\"ListItem\",\"position\":3,\"name\":\"Selecci\u00f3n oficial de cortometraje animado de horror &#8211; Macabro XX\"}]},{\"@type\":\"WebSite\",\"@id\":\"https:\/\/staging.macabro.mx\/#website\",\"url\":\"https:\/\/staging.macabro.mx\/\",\"name\":\"Macabro\",\"description\":\"Festival Internacional de Cine de Horror\",\"publisher\":{\"@id\":\"https:\/\/staging.macabro.mx\/#organization\"},\"potentialAction\":[{\"@type\":\"SearchAction\",\"target\":{\"@type\":\"EntryPoint\",\"urlTemplate\":\"https:\/\/staging.macabro.mx\/?s={search_term_string}\"},\"query-input\":{\"@type\":\"PropertyValueSpecification\",\"valueRequired\":true,\"valueName\":\"search_term_string\"}}],\"inLanguage\":\"en-US\"},{\"@type\":\"Organization\",\"@id\":\"https:\/\/staging.macabro.mx\/#organization\",\"name\":\"Macabro Film Festival 2025\",\"url\":\"https:\/\/staging.macabro.mx\/\",\"logo\":{\"@type\":\"ImageObject\",\"inLanguage\":\"en-US\",\"@id\":\"https:\/\/staging.macabro.mx\/#\/schema\/logo\/image\/\",\"url\":\"https:\/\/staging.macabro.mx\/wp-content\/uploads\/2020\/11\/logo-macabro.png\",\"contentUrl\":\"https:\/\/staging.macabro.mx\/wp-content\/uploads\/2020\/11\/logo-macabro.png\",\"width\":870,\"height\":336,\"caption\":\"Macabro Film Festival 2025\"},\"image\":{\"@id\":\"https:\/\/staging.macabro.mx\/#\/schema\/logo\/image\/\"},\"sameAs\":[\"https:\/\/www.facebook.com\/MacabroFICH\",\"https:\/\/x.com\/MacabroFICH\",\"https:\/\/www.instagram.com\/macabrofich\/\",\"https:\/\/www.youtube.com\/user\/macabrofest\"]},{\"@type\":\"Person\",\"@id\":\"https:\/\/staging.macabro.mx\/#\/schema\/person\/cb1d7e57b8371a3558481dab1425691d\",\"name\":\"Diario Macabro\",\"image\":{\"@type\":\"ImageObject\",\"inLanguage\":\"en-US\",\"@id\":\"https:\/\/secure.gravatar.com\/avatar\/c503ddb7b9ab82ba0cd034365e426a9406aee5285d5579fbb648e22029e78d98?s=96&d=mm&r=g\",\"url\":\"https:\/\/secure.gravatar.com\/avatar\/c503ddb7b9ab82ba0cd034365e426a9406aee5285d5579fbb648e22029e78d98?s=96&d=mm&r=g\",\"contentUrl\":\"https:\/\/secure.gravatar.com\/avatar\/c503ddb7b9ab82ba0cd034365e426a9406aee5285d5579fbb648e22029e78d98?s=96&d=mm&r=g\",\"caption\":\"Diario Macabro\"},\"url\":\"https:\/\/staging.macabro.mx\/en\/author\/diario-macabro\/\"}]}<\/script>\n<!-- \/ Yoast SEO plugin. -->","yoast_head_json":{"title":"Selecci\u00f3n oficial de cortometraje animado de horror - Macabro XX | Macabro","robots":{"index":"index","follow":"follow","max-snippet":"max-snippet:-1","max-image-preview":"max-image-preview:large","max-video-preview":"max-video-preview:-1"},"canonical":"https:\/\/staging.macabro.mx\/en\/seleccion-oficial-de-cortometraje-animado-de-horror-macabro-xx\/","og_locale":"en_US","og_type":"article","og_title":"Selecci\u00f3n oficial de cortometraje animado de horror - Macabro XX | Macabro","og_description":"El Festival Internacional de Cine de Horror de la Ciudad de M\u00e9xico, Macabro se complace en anunciar la selecci\u00f3n oficial de cortometraje animado de horror. PSYCHOPHONIC | Dir. Aline Romero | Espa\u00f1a | 2019 | 5 min. Durante una noche de luna llena, un gato queda atrapado dentro de una casa embrujada donde un gram\u00f3fono","og_url":"https:\/\/staging.macabro.mx\/en\/seleccion-oficial-de-cortometraje-animado-de-horror-macabro-xx\/","og_site_name":"Macabro","article_publisher":"https:\/\/www.facebook.com\/MacabroFICH","article_published_time":"2021-07-22T18:00:57+00:00","og_image":[{"width":1080,"height":1080,"url":"https:\/\/staging.macabro.mx\/wp-content\/uploads\/2021\/07\/PERF_0003_medio-rojo.png","type":"image\/png"}],"author":"Diario Macabro","twitter_card":"summary_large_image","twitter_creator":"@MacabroFICH","twitter_site":"@MacabroFICH","twitter_misc":{"Written by":"Diario Macabro","Est. reading time":"2 minutes"},"schema":{"@context":"https:\/\/schema.org","@graph":[{"@type":"Article","@id":"https:\/\/staging.macabro.mx\/seleccion-oficial-de-cortometraje-animado-de-horror-macabro-xx\/#article","isPartOf":{"@id":"https:\/\/staging.macabro.mx\/seleccion-oficial-de-cortometraje-animado-de-horror-macabro-xx\/"},"author":{"name":"Diario Macabro","@id":"https:\/\/staging.macabro.mx\/#\/schema\/person\/cb1d7e57b8371a3558481dab1425691d"},"headline":"Selecci\u00f3n oficial de cortometraje animado de horror &#8211; Macabro XX","datePublished":"2021-07-22T18:00:57+00:00","mainEntityOfPage":{"@id":"https:\/\/staging.macabro.mx\/seleccion-oficial-de-cortometraje-animado-de-horror-macabro-xx\/"},"wordCount":277,"commentCount":0,"publisher":{"@id":"https:\/\/staging.macabro.mx\/#organization"},"image":{"@id":"https:\/\/staging.macabro.mx\/seleccion-oficial-de-cortometraje-animado-de-horror-macabro-xx\/#primaryimage"},"thumbnailUrl":"https:\/\/staging.macabro.mx\/wp-content\/uploads\/2021\/07\/PERF_0003_medio-rojo.png","keywords":["Animaci\u00f3n","Animation Films","Cine de horror","cine de terror","Cortometraje animado","Horror Films","Macabro FICH","Macabro Film Festival","Macabro XX","MacabroFICH"],"articleSection":["Diario Macabro"],"inLanguage":"en-US","potentialAction":[{"@type":"CommentAction","name":"Comment","target":["https:\/\/staging.macabro.mx\/seleccion-oficial-de-cortometraje-animado-de-horror-macabro-xx\/#respond"]}]},{"@type":"WebPage","@id":"https:\/\/staging.macabro.mx\/seleccion-oficial-de-cortometraje-animado-de-horror-macabro-xx\/","url":"https:\/\/staging.macabro.mx\/seleccion-oficial-de-cortometraje-animado-de-horror-macabro-xx\/","name":"Selecci\u00f3n oficial de cortometraje animado de horror - Macabro XX | Macabro","isPartOf":{"@id":"https:\/\/staging.macabro.mx\/#website"},"primaryImageOfPage":{"@id":"https:\/\/staging.macabro.mx\/seleccion-oficial-de-cortometraje-animado-de-horror-macabro-xx\/#primaryimage"},"image":{"@id":"https:\/\/staging.macabro.mx\/seleccion-oficial-de-cortometraje-animado-de-horror-macabro-xx\/#primaryimage"},"thumbnailUrl":"https:\/\/staging.macabro.mx\/wp-content\/uploads\/2021\/07\/PERF_0003_medio-rojo.png","datePublished":"2021-07-22T18:00:57+00:00","breadcrumb":{"@id":"https:\/\/staging.macabro.mx\/seleccion-oficial-de-cortometraje-animado-de-horror-macabro-xx\/#breadcrumb"},"inLanguage":"en-US","potentialAction":[{"@type":"ReadAction","target":["https:\/\/staging.macabro.mx\/seleccion-oficial-de-cortometraje-animado-de-horror-macabro-xx\/"]}]},{"@type":"ImageObject","inLanguage":"en-US","@id":"https:\/\/staging.macabro.mx\/seleccion-oficial-de-cortometraje-animado-de-horror-macabro-xx\/#primaryimage","url":"https:\/\/staging.macabro.mx\/wp-content\/uploads\/2021\/07\/PERF_0003_medio-rojo.png","contentUrl":"https:\/\/staging.macabro.mx\/wp-content\/uploads\/2021\/07\/PERF_0003_medio-rojo.png","width":1080,"height":1080},{"@type":"BreadcrumbList","@id":"https:\/\/staging.macabro.mx\/seleccion-oficial-de-cortometraje-animado-de-horror-macabro-xx\/#breadcrumb","itemListElement":[{"@type":"ListItem","position":1,"name":"Home","item":"https:\/\/staging.macabro.mx\/"},{"@type":"ListItem","position":2,"name":"Diario Macabro","item":"https:\/\/staging.macabro.mx\/category\/diario-macabro\/"},{"@type":"ListItem","position":3,"name":"Selecci\u00f3n oficial de cortometraje animado de horror &#8211; Macabro XX"}]},{"@type":"WebSite","@id":"https:\/\/staging.macabro.mx\/#website","url":"https:\/\/staging.macabro.mx\/","name":"Macabro","description":"Festival Internacional de Cine de Horror","publisher":{"@id":"https:\/\/staging.macabro.mx\/#organization"},"potentialAction":[{"@type":"SearchAction","target":{"@type":"EntryPoint","urlTemplate":"https:\/\/staging.macabro.mx\/?s={search_term_string}"},"query-input":{"@type":"PropertyValueSpecification","valueRequired":true,"valueName":"search_term_string"}}],"inLanguage":"en-US"},{"@type":"Organization","@id":"https:\/\/staging.macabro.mx\/#organization","name":"Macabro Film Festival 2025","url":"https:\/\/staging.macabro.mx\/","logo":{"@type":"ImageObject","inLanguage":"en-US","@id":"https:\/\/staging.macabro.mx\/#\/schema\/logo\/image\/","url":"https:\/\/staging.macabro.mx\/wp-content\/uploads\/2020\/11\/logo-macabro.png","contentUrl":"https:\/\/staging.macabro.mx\/wp-content\/uploads\/2020\/11\/logo-macabro.png","width":870,"height":336,"caption":"Macabro Film Festival 2025"},"image":{"@id":"https:\/\/staging.macabro.mx\/#\/schema\/logo\/image\/"},"sameAs":["https:\/\/www.facebook.com\/MacabroFICH","https:\/\/x.com\/MacabroFICH","https:\/\/www.instagram.com\/macabrofich\/","https:\/\/www.youtube.com\/user\/macabrofest"]},{"@type":"Person","@id":"https:\/\/staging.macabro.mx\/#\/schema\/person\/cb1d7e57b8371a3558481dab1425691d","name":"Diario Macabro","image":{"@type":"ImageObject","inLanguage":"en-US","@id":"https:\/\/secure.gravatar.com\/avatar\/c503ddb7b9ab82ba0cd034365e426a9406aee5285d5579fbb648e22029e78d98?s=96&d=mm&r=g","url":"https:\/\/secure.gravatar.com\/avatar\/c503ddb7b9ab82ba0cd034365e426a9406aee5285d5579fbb648e22029e78d98?s=96&d=mm&r=g","contentUrl":"https:\/\/secure.gravatar.com\/avatar\/c503ddb7b9ab82ba0cd034365e426a9406aee5285d5579fbb648e22029e78d98?s=96&d=mm&r=g","caption":"Diario Macabro"},"url":"https:\/\/staging.macabro.mx\/en\/author\/diario-macabro\/"}]}},"_links":{"self":[{"href":"https:\/\/staging.macabro.mx\/en\/wp-json\/wp\/v2\/posts\/4348","targetHints":{"allow":["GET"]}}],"collection":[{"href":"https:\/\/staging.macabro.mx\/en\/wp-json\/wp\/v2\/posts"}],"about":[{"href":"https:\/\/staging.macabro.mx\/en\/wp-json\/wp\/v2\/types\/post"}],"author":[{"embeddable":true,"href":"https:\/\/staging.macabro.mx\/en\/wp-json\/wp\/v2\/users\/2"}],"replies":[{"embeddable":true,"href":"https:\/\/staging.macabro.mx\/en\/wp-json\/wp\/v2\/comments?post=4348"}],"version-history":[{"count":1,"href":"https:\/\/staging.macabro.mx\/en\/wp-json\/wp\/v2\/posts\/4348\/revisions"}],"predecessor-version":[{"id":4349,"href":"https:\/\/staging.macabro.mx\/en\/wp-json\/wp\/v2\/posts\/4348\/revisions\/4349"}],"wp:featuredmedia":[{"embeddable":true,"href":"https:\/\/staging.macabro.mx\/en\/wp-json\/wp\/v2\/media\/4350"}],"wp:attachment":[{"href":"https:\/\/staging.macabro.mx\/en\/wp-json\/wp\/v2\/media?parent=4348"}],"wp:term":[{"taxonomy":"category","embeddable":true,"href":"https:\/\/staging.macabro.mx\/en\/wp-json\/wp\/v2\/categories?post=4348"},{"taxonomy":"post_tag","embeddable":true,"href":"https:\/\/staging.macabro.mx\/en\/wp-json\/wp\/v2\/tags?post=4348"},{"taxonomy":"festival_year","embeddable":true,"href":"https:\/\/staging.macabro.mx\/en\/wp-json\/wp\/v2\/festival_year?post=4348"}],"curies":[{"name":"wp","href":"https:\/\/api.w.org\/{rel}","templated":true}]}}