{"id":4283,"date":"2021-02-28T20:16:25","date_gmt":"2021-03-01T02:16:25","guid":{"rendered":"https:\/\/staging.macabro.mx\/?p=4283"},"modified":"2021-02-28T20:16:58","modified_gmt":"2021-03-01T02:16:58","slug":"dracula90-y-despues-de-dracula-quien-vampiros-inmortales-en-el-cine","status":"publish","type":"post","link":"https:\/\/staging.macabro.mx\/en\/dracula90-y-despues-de-dracula-quien-vampiros-inmortales-en-el-cine\/","title":{"rendered":"#Dracula90: Y \u00bfDespu\u00e9s de Dr\u00e1cula, qui\u00e9n? Vampiros inmortales en el cine."},"content":{"rendered":"<p><strong>Por Casandra Vicario<\/strong><\/p>\n<p>Termina febrero y con \u00e9l, la celebraci\u00f3n de los 90 a\u00f1os del estreno de Dr\u00e1cula en 1931, para cerrar con un broche de sangre, compartimos con ustedes algunos vampiros sobresalientes del cine. Tomen su crucifijo, el frasco con agua bendita y vamos\u00a0 a conocerlos.<\/p>\n<p>1.- <strong><em>John Blaylock.<\/em><\/strong> Interpretado por el inmortal David Bowie, Blaylock es uno de los protagonistas de la cinta de 1983 <em>\u201cThe Hunger\u201d<\/em> (<em>El Ansia<\/em>) bajo la direcci\u00f3n de Tony Scott. Estamos antes un vampiro moderno, elegante y seductor, su compa\u00f1era de vida es Miriam, parece que son inseparables, hasta que John comienza a envejecer.<\/p>\n<p><img loading=\"lazy\" decoding=\"async\" class=\"wp-image-4284 aligncenter\" src=\"https:\/\/staging.macabro.mx\/wp-content\/uploads\/2021\/02\/the_hunger_bauhaus_bowie_and_vampires-700x366.jpg\" alt=\"\" width=\"612\" height=\"320\" srcset=\"https:\/\/staging.macabro.mx\/wp-content\/uploads\/2021\/02\/the_hunger_bauhaus_bowie_and_vampires-700x366.jpg 700w, https:\/\/staging.macabro.mx\/wp-content\/uploads\/2021\/02\/the_hunger_bauhaus_bowie_and_vampires-250x131.jpg 250w, https:\/\/staging.macabro.mx\/wp-content\/uploads\/2021\/02\/the_hunger_bauhaus_bowie_and_vampires-768x402.jpg 768w, https:\/\/staging.macabro.mx\/wp-content\/uploads\/2021\/02\/the_hunger_bauhaus_bowie_and_vampires-120x63.jpg 120w, https:\/\/staging.macabro.mx\/wp-content\/uploads\/2021\/02\/the_hunger_bauhaus_bowie_and_vampires.jpg 847w\" sizes=\"auto, (max-width: 612px) 100vw, 612px\" \/><\/p>\n<p>2.- <strong><em>Martin Madahas.<\/em><\/strong> Es el protagonista de la cinta de George Romero <em>\u201cMartin<\/em>\u201d (1978), un adolescente que cree que es un vampiro aunque puede salir a la luz solar, adem\u00e1s el ajo y el agua bendita no le da\u00f1an y no tiene colmillos, pero no se dejen enga\u00f1ar, utiliza navajas de afeitar para beber sangre humana.<\/p>\n<p><img loading=\"lazy\" decoding=\"async\" class=\"wp-image-4285 aligncenter\" src=\"https:\/\/staging.macabro.mx\/wp-content\/uploads\/2021\/02\/Martin.jpg\" alt=\"\" width=\"607\" height=\"351\" srcset=\"https:\/\/staging.macabro.mx\/wp-content\/uploads\/2021\/02\/Martin.jpg 512w, https:\/\/staging.macabro.mx\/wp-content\/uploads\/2021\/02\/Martin-250x145.jpg 250w, https:\/\/staging.macabro.mx\/wp-content\/uploads\/2021\/02\/Martin-120x69.jpg 120w\" sizes=\"auto, (max-width: 607px) 100vw, 607px\" \/><\/p>\n<p>3.- <strong><em>Jerry Dandridge.<\/em><\/strong> Es el protagonista de <em>\u201cFright Night\u201d <\/em>(<em>La Hora del Espanto)<\/em> Jerry y su sirviente Billy Cole viajan de pueblo en pueblo buscando \u201ccomida\u201d hasta que llegan al vecindario del adolescente Charlie Brewster quien descubre su naturaleza vamp\u00edrica, es entonces cuando intentan quitarle a su madre, a sus amigos y hasta a su novia. Tom Holland es el director de este largometraje de 1985.<\/p>\n<p><img loading=\"lazy\" decoding=\"async\" class=\"wp-image-4286 aligncenter\" src=\"https:\/\/staging.macabro.mx\/wp-content\/uploads\/2021\/02\/la-hora-del-espanto-700x393.jpg\" alt=\"\" width=\"610\" height=\"343\" srcset=\"https:\/\/staging.macabro.mx\/wp-content\/uploads\/2021\/02\/la-hora-del-espanto-700x393.jpg 700w, https:\/\/staging.macabro.mx\/wp-content\/uploads\/2021\/02\/la-hora-del-espanto-250x140.jpg 250w, https:\/\/staging.macabro.mx\/wp-content\/uploads\/2021\/02\/la-hora-del-espanto-768x432.jpg 768w, https:\/\/staging.macabro.mx\/wp-content\/uploads\/2021\/02\/la-hora-del-espanto-120x67.jpg 120w, https:\/\/staging.macabro.mx\/wp-content\/uploads\/2021\/02\/la-hora-del-espanto.jpg 920w\" sizes=\"auto, (max-width: 610px) 100vw, 610px\" \/><\/p>\n<p>4.- <strong><em>David.<\/em><\/strong> Este vampiro cuyo apellido desconocemos, nos rob\u00f3 el coraz\u00f3n el coraz\u00f3n a m\u00e1s de una para beber nuestra sangre hasta dejarnos secas. Interpretado por Kiefer Sutherland, es el l\u00edder de la banda de vampiros motociclistas en la cinta de Joel Schumacher <em>\u201cThe Lost Boys\u201d<\/em> (<em>Los Muchachos Perdidos<\/em>) en 1987. Aunque se conoce poco de su vida, parece que naci\u00f3 en 1906, es astuto, manipulador y rebelde.<\/p>\n<p><img loading=\"lazy\" decoding=\"async\" class=\"wp-image-4287 aligncenter\" src=\"https:\/\/staging.macabro.mx\/wp-content\/uploads\/2021\/02\/edit-david4-700x500.jpg\" alt=\"\" width=\"608\" height=\"434\" srcset=\"https:\/\/staging.macabro.mx\/wp-content\/uploads\/2021\/02\/edit-david4-700x500.jpg 700w, https:\/\/staging.macabro.mx\/wp-content\/uploads\/2021\/02\/edit-david4-250x178.jpg 250w, https:\/\/staging.macabro.mx\/wp-content\/uploads\/2021\/02\/edit-david4-768x548.jpg 768w, https:\/\/staging.macabro.mx\/wp-content\/uploads\/2021\/02\/edit-david4-120x86.jpg 120w, https:\/\/staging.macabro.mx\/wp-content\/uploads\/2021\/02\/edit-david4.jpg 996w\" sizes=\"auto, (max-width: 608px) 100vw, 608px\" \/><\/p>\n<p>5.- <strong><em>Lestat de Lincourt y Louise de Ponte Du Lac.<\/em><\/strong> Salieron de la tumba gracias a la pluma de la escritora Anne Rice, en 1994 llegaron al cine ahora bajo la direcci\u00f3n de Neil Jordan en <em>\u201cInterview with a vampire\u201d (Entrevista con el vampiro)<\/em><\/p>\n<p><em>Louis de Pointe de Lac<\/em> naci\u00f3 en Nueva Orleans en octubre de 1766, perdi\u00f3 a su padre cuando era joven, a\u00f1os m\u00e1s tarde uno de sus hermanos se suicida, lo que le lleva a la depresi\u00f3n, quiere morir pero no tiene el valor de suicidarse hasta que se encuentra con un vampiro y si vida da un cambio radical.<\/p>\n<p><em>Lestat de Lincourt<\/em>, fue secuestrado y convertido al vampirismo por Magnus, quien se suicida arroj\u00e1ndose a una hoguera dejando al reci\u00e9n nacido Lestat sin ninguna gu\u00eda, pero eso s\u00ed, con mucho dinero heredado de su creador. \u00a1A disfrutar!<\/p>\n<p><img loading=\"lazy\" decoding=\"async\" class=\"wp-image-4288 aligncenter\" src=\"https:\/\/staging.macabro.mx\/wp-content\/uploads\/2021\/02\/Lestat-and-Louis-the-vampire-chronicles-31387436-960-528-700x385.jpg\" alt=\"\" width=\"615\" height=\"339\" srcset=\"https:\/\/staging.macabro.mx\/wp-content\/uploads\/2021\/02\/Lestat-and-Louis-the-vampire-chronicles-31387436-960-528-700x385.jpg 700w, https:\/\/staging.macabro.mx\/wp-content\/uploads\/2021\/02\/Lestat-and-Louis-the-vampire-chronicles-31387436-960-528-250x138.jpg 250w, https:\/\/staging.macabro.mx\/wp-content\/uploads\/2021\/02\/Lestat-and-Louis-the-vampire-chronicles-31387436-960-528-768x422.jpg 768w, https:\/\/staging.macabro.mx\/wp-content\/uploads\/2021\/02\/Lestat-and-Louis-the-vampire-chronicles-31387436-960-528-120x66.jpg 120w, https:\/\/staging.macabro.mx\/wp-content\/uploads\/2021\/02\/Lestat-and-Louis-the-vampire-chronicles-31387436-960-528.jpg 960w\" sizes=\"auto, (max-width: 615px) 100vw, 615px\" \/><\/p>\n<p>6.-<strong><em> Karol de Lavud<\/em><\/strong>, es un vampiro arist\u00f3crata que llega de Hungr\u00eda a M\u00e9xico, el nombre con el que se presenta ante en sociedad es el de Sr. Duval. Germ\u00e1n Robles bajo la direcci\u00f3n de Fernando M\u00e9ndez da vida este bebedor de sangre humana en la pel\u00edcula \u201c<em>El Vampiro\u201d (1957).<\/em><\/p>\n<p>Como dato curioso Cristopher Lee, nuestro vampiro favorito de la Hammer\u00a0 Films, se bas\u00f3 en la interpretaci\u00f3n de Germ\u00e1n Robles para crear su versi\u00f3n del Conde Dr\u00e1cula.<\/p>\n<p><img loading=\"lazy\" decoding=\"async\" class=\"wp-image-4289 aligncenter\" src=\"https:\/\/staging.macabro.mx\/wp-content\/uploads\/2021\/02\/Conde-Lavud-700x393.jpg\" alt=\"\" width=\"600\" height=\"337\" srcset=\"https:\/\/staging.macabro.mx\/wp-content\/uploads\/2021\/02\/Conde-Lavud-700x393.jpg 700w, https:\/\/staging.macabro.mx\/wp-content\/uploads\/2021\/02\/Conde-Lavud-250x140.jpg 250w, https:\/\/staging.macabro.mx\/wp-content\/uploads\/2021\/02\/Conde-Lavud-768x431.jpg 768w, https:\/\/staging.macabro.mx\/wp-content\/uploads\/2021\/02\/Conde-Lavud-120x67.jpg 120w, https:\/\/staging.macabro.mx\/wp-content\/uploads\/2021\/02\/Conde-Lavud.jpg 1200w\" sizes=\"auto, (max-width: 600px) 100vw, 600px\" \/><\/p>\n<p>\u00bfQu\u00e9 otros vampiros cinematogr\u00e1ficos recuerdan?<\/p>","protected":false},"excerpt":{"rendered":"Por Casandra Vicario Termina febrero y con \u00e9l, la celebraci\u00f3n de los 90 a\u00f1os del estreno de Dr\u00e1cula en 1931, para cerrar con un broche de sangre, compartimos con ustedes algunos vampiros sobresalientes del cine. Tomen su crucifijo, el frasco con agua bendita y vamos\u00a0 a conocerlos. 1.- John Blaylock. Interpretado por el inmortal David","protected":false},"author":2,"featured_media":4287,"comment_status":"open","ping_status":"open","sticky":false,"template":"","format":"standard","meta":{"_acf_changed":false,"footnotes":""},"categories":[2],"tags":[224,128,20,298,193,277,23,54,459],"festival_year":[],"class_list":["post-4283","post","type-post","status-publish","format-standard","has-post-thumbnail","hentry","category-diario-macabro","tag-cine-de-culto","tag-cine-de-horror","tag-cine-de-terror","tag-cine-fantastico","tag-festivales-de-cine","tag-macabro-cdmx","tag-macabro-fich","tag-macabro-film-festival","tag-vampiros"],"acf":[],"yoast_head":"<!-- This site is optimized with the Yoast SEO plugin v27.2 - https:\/\/yoast.com\/product\/yoast-seo-wordpress\/ -->\n<title>#Dracula90: Y \u00bfDespu\u00e9s de Dr\u00e1cula, qui\u00e9n? Vampiros inmortales en el cine. | Macabro<\/title>\n<meta name=\"robots\" content=\"index, follow, max-snippet:-1, max-image-preview:large, max-video-preview:-1\" \/>\n<link rel=\"canonical\" href=\"https:\/\/staging.macabro.mx\/en\/dracula90-y-despues-de-dracula-quien-vampiros-inmortales-en-el-cine\/\" \/>\n<meta property=\"og:locale\" content=\"en_US\" \/>\n<meta property=\"og:type\" content=\"article\" \/>\n<meta property=\"og:title\" content=\"#Dracula90: Y \u00bfDespu\u00e9s de Dr\u00e1cula, qui\u00e9n? Vampiros inmortales en el cine. | Macabro\" \/>\n<meta property=\"og:description\" content=\"Por Casandra Vicario Termina febrero y con \u00e9l, la celebraci\u00f3n de los 90 a\u00f1os del estreno de Dr\u00e1cula en 1931, para cerrar con un broche de sangre, compartimos con ustedes algunos vampiros sobresalientes del cine. Tomen su crucifijo, el frasco con agua bendita y vamos\u00a0 a conocerlos. 1.- John Blaylock. Interpretado por el inmortal David\" \/>\n<meta property=\"og:url\" content=\"https:\/\/staging.macabro.mx\/en\/dracula90-y-despues-de-dracula-quien-vampiros-inmortales-en-el-cine\/\" \/>\n<meta property=\"og:site_name\" content=\"Macabro\" \/>\n<meta property=\"article:publisher\" content=\"https:\/\/www.facebook.com\/MacabroFICH\" \/>\n<meta property=\"article:published_time\" content=\"2021-03-01T02:16:25+00:00\" \/>\n<meta property=\"article:modified_time\" content=\"2021-03-01T02:16:58+00:00\" \/>\n<meta property=\"og:image\" content=\"https:\/\/staging.macabro.mx\/wp-content\/uploads\/2021\/02\/edit-david4.jpg\" \/>\n\t<meta property=\"og:image:width\" content=\"996\" \/>\n\t<meta property=\"og:image:height\" content=\"711\" \/>\n\t<meta property=\"og:image:type\" content=\"image\/jpeg\" \/>\n<meta name=\"author\" content=\"Diario Macabro\" \/>\n<meta name=\"twitter:card\" content=\"summary_large_image\" \/>\n<meta name=\"twitter:creator\" content=\"@MacabroFICH\" \/>\n<meta name=\"twitter:site\" content=\"@MacabroFICH\" \/>\n<meta name=\"twitter:label1\" content=\"Written by\" \/>\n\t<meta name=\"twitter:data1\" content=\"Diario Macabro\" \/>\n\t<meta name=\"twitter:label2\" content=\"Est. reading time\" \/>\n\t<meta name=\"twitter:data2\" content=\"3 minutes\" \/>\n<script type=\"application\/ld+json\" class=\"yoast-schema-graph\">{\"@context\":\"https:\/\/schema.org\",\"@graph\":[{\"@type\":\"Article\",\"@id\":\"https:\/\/staging.macabro.mx\/dracula90-y-despues-de-dracula-quien-vampiros-inmortales-en-el-cine\/#article\",\"isPartOf\":{\"@id\":\"https:\/\/staging.macabro.mx\/dracula90-y-despues-de-dracula-quien-vampiros-inmortales-en-el-cine\/\"},\"author\":{\"name\":\"Diario Macabro\",\"@id\":\"https:\/\/staging.macabro.mx\/#\/schema\/person\/cb1d7e57b8371a3558481dab1425691d\"},\"headline\":\"#Dracula90: Y \u00bfDespu\u00e9s de Dr\u00e1cula, qui\u00e9n? Vampiros inmortales en el cine.\",\"datePublished\":\"2021-03-01T02:16:25+00:00\",\"dateModified\":\"2021-03-01T02:16:58+00:00\",\"mainEntityOfPage\":{\"@id\":\"https:\/\/staging.macabro.mx\/dracula90-y-despues-de-dracula-quien-vampiros-inmortales-en-el-cine\/\"},\"wordCount\":550,\"commentCount\":0,\"publisher\":{\"@id\":\"https:\/\/staging.macabro.mx\/#organization\"},\"image\":{\"@id\":\"https:\/\/staging.macabro.mx\/dracula90-y-despues-de-dracula-quien-vampiros-inmortales-en-el-cine\/#primaryimage\"},\"thumbnailUrl\":\"https:\/\/staging.macabro.mx\/wp-content\/uploads\/2021\/02\/edit-david4.jpg\",\"keywords\":[\"cine de culto\",\"Cine de horror\",\"cine de terror\",\"Cine fantastico\",\"Festivales de cine\",\"Macabro CDMX\",\"Macabro FICH\",\"Macabro Film Festival\",\"Vampiros\"],\"articleSection\":[\"Diario Macabro\"],\"inLanguage\":\"en-US\",\"potentialAction\":[{\"@type\":\"CommentAction\",\"name\":\"Comment\",\"target\":[\"https:\/\/staging.macabro.mx\/dracula90-y-despues-de-dracula-quien-vampiros-inmortales-en-el-cine\/#respond\"]}]},{\"@type\":\"WebPage\",\"@id\":\"https:\/\/staging.macabro.mx\/dracula90-y-despues-de-dracula-quien-vampiros-inmortales-en-el-cine\/\",\"url\":\"https:\/\/staging.macabro.mx\/dracula90-y-despues-de-dracula-quien-vampiros-inmortales-en-el-cine\/\",\"name\":\"#Dracula90: Y \u00bfDespu\u00e9s de Dr\u00e1cula, qui\u00e9n? Vampiros inmortales en el cine. | Macabro\",\"isPartOf\":{\"@id\":\"https:\/\/staging.macabro.mx\/#website\"},\"primaryImageOfPage\":{\"@id\":\"https:\/\/staging.macabro.mx\/dracula90-y-despues-de-dracula-quien-vampiros-inmortales-en-el-cine\/#primaryimage\"},\"image\":{\"@id\":\"https:\/\/staging.macabro.mx\/dracula90-y-despues-de-dracula-quien-vampiros-inmortales-en-el-cine\/#primaryimage\"},\"thumbnailUrl\":\"https:\/\/staging.macabro.mx\/wp-content\/uploads\/2021\/02\/edit-david4.jpg\",\"datePublished\":\"2021-03-01T02:16:25+00:00\",\"dateModified\":\"2021-03-01T02:16:58+00:00\",\"breadcrumb\":{\"@id\":\"https:\/\/staging.macabro.mx\/dracula90-y-despues-de-dracula-quien-vampiros-inmortales-en-el-cine\/#breadcrumb\"},\"inLanguage\":\"en-US\",\"potentialAction\":[{\"@type\":\"ReadAction\",\"target\":[\"https:\/\/staging.macabro.mx\/dracula90-y-despues-de-dracula-quien-vampiros-inmortales-en-el-cine\/\"]}]},{\"@type\":\"ImageObject\",\"inLanguage\":\"en-US\",\"@id\":\"https:\/\/staging.macabro.mx\/dracula90-y-despues-de-dracula-quien-vampiros-inmortales-en-el-cine\/#primaryimage\",\"url\":\"https:\/\/staging.macabro.mx\/wp-content\/uploads\/2021\/02\/edit-david4.jpg\",\"contentUrl\":\"https:\/\/staging.macabro.mx\/wp-content\/uploads\/2021\/02\/edit-david4.jpg\",\"width\":996,\"height\":711},{\"@type\":\"BreadcrumbList\",\"@id\":\"https:\/\/staging.macabro.mx\/dracula90-y-despues-de-dracula-quien-vampiros-inmortales-en-el-cine\/#breadcrumb\",\"itemListElement\":[{\"@type\":\"ListItem\",\"position\":1,\"name\":\"Home\",\"item\":\"https:\/\/staging.macabro.mx\/\"},{\"@type\":\"ListItem\",\"position\":2,\"name\":\"Diario Macabro\",\"item\":\"https:\/\/staging.macabro.mx\/category\/diario-macabro\/\"},{\"@type\":\"ListItem\",\"position\":3,\"name\":\"#Dracula90: Y \u00bfDespu\u00e9s de Dr\u00e1cula, qui\u00e9n? Vampiros inmortales en el cine.\"}]},{\"@type\":\"WebSite\",\"@id\":\"https:\/\/staging.macabro.mx\/#website\",\"url\":\"https:\/\/staging.macabro.mx\/\",\"name\":\"Macabro\",\"description\":\"Festival Internacional de Cine de Horror\",\"publisher\":{\"@id\":\"https:\/\/staging.macabro.mx\/#organization\"},\"potentialAction\":[{\"@type\":\"SearchAction\",\"target\":{\"@type\":\"EntryPoint\",\"urlTemplate\":\"https:\/\/staging.macabro.mx\/?s={search_term_string}\"},\"query-input\":{\"@type\":\"PropertyValueSpecification\",\"valueRequired\":true,\"valueName\":\"search_term_string\"}}],\"inLanguage\":\"en-US\"},{\"@type\":\"Organization\",\"@id\":\"https:\/\/staging.macabro.mx\/#organization\",\"name\":\"Macabro Film Festival 2025\",\"url\":\"https:\/\/staging.macabro.mx\/\",\"logo\":{\"@type\":\"ImageObject\",\"inLanguage\":\"en-US\",\"@id\":\"https:\/\/staging.macabro.mx\/#\/schema\/logo\/image\/\",\"url\":\"https:\/\/staging.macabro.mx\/wp-content\/uploads\/2020\/11\/logo-macabro.png\",\"contentUrl\":\"https:\/\/staging.macabro.mx\/wp-content\/uploads\/2020\/11\/logo-macabro.png\",\"width\":870,\"height\":336,\"caption\":\"Macabro Film Festival 2025\"},\"image\":{\"@id\":\"https:\/\/staging.macabro.mx\/#\/schema\/logo\/image\/\"},\"sameAs\":[\"https:\/\/www.facebook.com\/MacabroFICH\",\"https:\/\/x.com\/MacabroFICH\",\"https:\/\/www.instagram.com\/macabrofich\/\",\"https:\/\/www.youtube.com\/user\/macabrofest\"]},{\"@type\":\"Person\",\"@id\":\"https:\/\/staging.macabro.mx\/#\/schema\/person\/cb1d7e57b8371a3558481dab1425691d\",\"name\":\"Diario Macabro\",\"image\":{\"@type\":\"ImageObject\",\"inLanguage\":\"en-US\",\"@id\":\"https:\/\/secure.gravatar.com\/avatar\/c503ddb7b9ab82ba0cd034365e426a9406aee5285d5579fbb648e22029e78d98?s=96&d=mm&r=g\",\"url\":\"https:\/\/secure.gravatar.com\/avatar\/c503ddb7b9ab82ba0cd034365e426a9406aee5285d5579fbb648e22029e78d98?s=96&d=mm&r=g\",\"contentUrl\":\"https:\/\/secure.gravatar.com\/avatar\/c503ddb7b9ab82ba0cd034365e426a9406aee5285d5579fbb648e22029e78d98?s=96&d=mm&r=g\",\"caption\":\"Diario Macabro\"},\"url\":\"https:\/\/staging.macabro.mx\/en\/author\/diario-macabro\/\"}]}<\/script>\n<!-- \/ Yoast SEO plugin. -->","yoast_head_json":{"title":"#Dracula90: Y \u00bfDespu\u00e9s de Dr\u00e1cula, qui\u00e9n? Vampiros inmortales en el cine. | Macabro","robots":{"index":"index","follow":"follow","max-snippet":"max-snippet:-1","max-image-preview":"max-image-preview:large","max-video-preview":"max-video-preview:-1"},"canonical":"https:\/\/staging.macabro.mx\/en\/dracula90-y-despues-de-dracula-quien-vampiros-inmortales-en-el-cine\/","og_locale":"en_US","og_type":"article","og_title":"#Dracula90: Y \u00bfDespu\u00e9s de Dr\u00e1cula, qui\u00e9n? Vampiros inmortales en el cine. | Macabro","og_description":"Por Casandra Vicario Termina febrero y con \u00e9l, la celebraci\u00f3n de los 90 a\u00f1os del estreno de Dr\u00e1cula en 1931, para cerrar con un broche de sangre, compartimos con ustedes algunos vampiros sobresalientes del cine. Tomen su crucifijo, el frasco con agua bendita y vamos\u00a0 a conocerlos. 1.- John Blaylock. Interpretado por el inmortal David","og_url":"https:\/\/staging.macabro.mx\/en\/dracula90-y-despues-de-dracula-quien-vampiros-inmortales-en-el-cine\/","og_site_name":"Macabro","article_publisher":"https:\/\/www.facebook.com\/MacabroFICH","article_published_time":"2021-03-01T02:16:25+00:00","article_modified_time":"2021-03-01T02:16:58+00:00","og_image":[{"width":996,"height":711,"url":"https:\/\/staging.macabro.mx\/wp-content\/uploads\/2021\/02\/edit-david4.jpg","type":"image\/jpeg"}],"author":"Diario Macabro","twitter_card":"summary_large_image","twitter_creator":"@MacabroFICH","twitter_site":"@MacabroFICH","twitter_misc":{"Written by":"Diario Macabro","Est. reading time":"3 minutes"},"schema":{"@context":"https:\/\/schema.org","@graph":[{"@type":"Article","@id":"https:\/\/staging.macabro.mx\/dracula90-y-despues-de-dracula-quien-vampiros-inmortales-en-el-cine\/#article","isPartOf":{"@id":"https:\/\/staging.macabro.mx\/dracula90-y-despues-de-dracula-quien-vampiros-inmortales-en-el-cine\/"},"author":{"name":"Diario Macabro","@id":"https:\/\/staging.macabro.mx\/#\/schema\/person\/cb1d7e57b8371a3558481dab1425691d"},"headline":"#Dracula90: Y \u00bfDespu\u00e9s de Dr\u00e1cula, qui\u00e9n? Vampiros inmortales en el cine.","datePublished":"2021-03-01T02:16:25+00:00","dateModified":"2021-03-01T02:16:58+00:00","mainEntityOfPage":{"@id":"https:\/\/staging.macabro.mx\/dracula90-y-despues-de-dracula-quien-vampiros-inmortales-en-el-cine\/"},"wordCount":550,"commentCount":0,"publisher":{"@id":"https:\/\/staging.macabro.mx\/#organization"},"image":{"@id":"https:\/\/staging.macabro.mx\/dracula90-y-despues-de-dracula-quien-vampiros-inmortales-en-el-cine\/#primaryimage"},"thumbnailUrl":"https:\/\/staging.macabro.mx\/wp-content\/uploads\/2021\/02\/edit-david4.jpg","keywords":["cine de culto","Cine de horror","cine de terror","Cine fantastico","Festivales de cine","Macabro CDMX","Macabro FICH","Macabro Film Festival","Vampiros"],"articleSection":["Diario Macabro"],"inLanguage":"en-US","potentialAction":[{"@type":"CommentAction","name":"Comment","target":["https:\/\/staging.macabro.mx\/dracula90-y-despues-de-dracula-quien-vampiros-inmortales-en-el-cine\/#respond"]}]},{"@type":"WebPage","@id":"https:\/\/staging.macabro.mx\/dracula90-y-despues-de-dracula-quien-vampiros-inmortales-en-el-cine\/","url":"https:\/\/staging.macabro.mx\/dracula90-y-despues-de-dracula-quien-vampiros-inmortales-en-el-cine\/","name":"#Dracula90: Y \u00bfDespu\u00e9s de Dr\u00e1cula, qui\u00e9n? Vampiros inmortales en el cine. | Macabro","isPartOf":{"@id":"https:\/\/staging.macabro.mx\/#website"},"primaryImageOfPage":{"@id":"https:\/\/staging.macabro.mx\/dracula90-y-despues-de-dracula-quien-vampiros-inmortales-en-el-cine\/#primaryimage"},"image":{"@id":"https:\/\/staging.macabro.mx\/dracula90-y-despues-de-dracula-quien-vampiros-inmortales-en-el-cine\/#primaryimage"},"thumbnailUrl":"https:\/\/staging.macabro.mx\/wp-content\/uploads\/2021\/02\/edit-david4.jpg","datePublished":"2021-03-01T02:16:25+00:00","dateModified":"2021-03-01T02:16:58+00:00","breadcrumb":{"@id":"https:\/\/staging.macabro.mx\/dracula90-y-despues-de-dracula-quien-vampiros-inmortales-en-el-cine\/#breadcrumb"},"inLanguage":"en-US","potentialAction":[{"@type":"ReadAction","target":["https:\/\/staging.macabro.mx\/dracula90-y-despues-de-dracula-quien-vampiros-inmortales-en-el-cine\/"]}]},{"@type":"ImageObject","inLanguage":"en-US","@id":"https:\/\/staging.macabro.mx\/dracula90-y-despues-de-dracula-quien-vampiros-inmortales-en-el-cine\/#primaryimage","url":"https:\/\/staging.macabro.mx\/wp-content\/uploads\/2021\/02\/edit-david4.jpg","contentUrl":"https:\/\/staging.macabro.mx\/wp-content\/uploads\/2021\/02\/edit-david4.jpg","width":996,"height":711},{"@type":"BreadcrumbList","@id":"https:\/\/staging.macabro.mx\/dracula90-y-despues-de-dracula-quien-vampiros-inmortales-en-el-cine\/#breadcrumb","itemListElement":[{"@type":"ListItem","position":1,"name":"Home","item":"https:\/\/staging.macabro.mx\/"},{"@type":"ListItem","position":2,"name":"Diario Macabro","item":"https:\/\/staging.macabro.mx\/category\/diario-macabro\/"},{"@type":"ListItem","position":3,"name":"#Dracula90: Y \u00bfDespu\u00e9s de Dr\u00e1cula, qui\u00e9n? Vampiros inmortales en el cine."}]},{"@type":"WebSite","@id":"https:\/\/staging.macabro.mx\/#website","url":"https:\/\/staging.macabro.mx\/","name":"Macabro","description":"Festival Internacional de Cine de Horror","publisher":{"@id":"https:\/\/staging.macabro.mx\/#organization"},"potentialAction":[{"@type":"SearchAction","target":{"@type":"EntryPoint","urlTemplate":"https:\/\/staging.macabro.mx\/?s={search_term_string}"},"query-input":{"@type":"PropertyValueSpecification","valueRequired":true,"valueName":"search_term_string"}}],"inLanguage":"en-US"},{"@type":"Organization","@id":"https:\/\/staging.macabro.mx\/#organization","name":"Macabro Film Festival 2025","url":"https:\/\/staging.macabro.mx\/","logo":{"@type":"ImageObject","inLanguage":"en-US","@id":"https:\/\/staging.macabro.mx\/#\/schema\/logo\/image\/","url":"https:\/\/staging.macabro.mx\/wp-content\/uploads\/2020\/11\/logo-macabro.png","contentUrl":"https:\/\/staging.macabro.mx\/wp-content\/uploads\/2020\/11\/logo-macabro.png","width":870,"height":336,"caption":"Macabro Film Festival 2025"},"image":{"@id":"https:\/\/staging.macabro.mx\/#\/schema\/logo\/image\/"},"sameAs":["https:\/\/www.facebook.com\/MacabroFICH","https:\/\/x.com\/MacabroFICH","https:\/\/www.instagram.com\/macabrofich\/","https:\/\/www.youtube.com\/user\/macabrofest"]},{"@type":"Person","@id":"https:\/\/staging.macabro.mx\/#\/schema\/person\/cb1d7e57b8371a3558481dab1425691d","name":"Diario Macabro","image":{"@type":"ImageObject","inLanguage":"en-US","@id":"https:\/\/secure.gravatar.com\/avatar\/c503ddb7b9ab82ba0cd034365e426a9406aee5285d5579fbb648e22029e78d98?s=96&d=mm&r=g","url":"https:\/\/secure.gravatar.com\/avatar\/c503ddb7b9ab82ba0cd034365e426a9406aee5285d5579fbb648e22029e78d98?s=96&d=mm&r=g","contentUrl":"https:\/\/secure.gravatar.com\/avatar\/c503ddb7b9ab82ba0cd034365e426a9406aee5285d5579fbb648e22029e78d98?s=96&d=mm&r=g","caption":"Diario Macabro"},"url":"https:\/\/staging.macabro.mx\/en\/author\/diario-macabro\/"}]}},"_links":{"self":[{"href":"https:\/\/staging.macabro.mx\/en\/wp-json\/wp\/v2\/posts\/4283","targetHints":{"allow":["GET"]}}],"collection":[{"href":"https:\/\/staging.macabro.mx\/en\/wp-json\/wp\/v2\/posts"}],"about":[{"href":"https:\/\/staging.macabro.mx\/en\/wp-json\/wp\/v2\/types\/post"}],"author":[{"embeddable":true,"href":"https:\/\/staging.macabro.mx\/en\/wp-json\/wp\/v2\/users\/2"}],"replies":[{"embeddable":true,"href":"https:\/\/staging.macabro.mx\/en\/wp-json\/wp\/v2\/comments?post=4283"}],"version-history":[{"count":3,"href":"https:\/\/staging.macabro.mx\/en\/wp-json\/wp\/v2\/posts\/4283\/revisions"}],"predecessor-version":[{"id":4292,"href":"https:\/\/staging.macabro.mx\/en\/wp-json\/wp\/v2\/posts\/4283\/revisions\/4292"}],"wp:featuredmedia":[{"embeddable":true,"href":"https:\/\/staging.macabro.mx\/en\/wp-json\/wp\/v2\/media\/4287"}],"wp:attachment":[{"href":"https:\/\/staging.macabro.mx\/en\/wp-json\/wp\/v2\/media?parent=4283"}],"wp:term":[{"taxonomy":"category","embeddable":true,"href":"https:\/\/staging.macabro.mx\/en\/wp-json\/wp\/v2\/categories?post=4283"},{"taxonomy":"post_tag","embeddable":true,"href":"https:\/\/staging.macabro.mx\/en\/wp-json\/wp\/v2\/tags?post=4283"},{"taxonomy":"festival_year","embeddable":true,"href":"https:\/\/staging.macabro.mx\/en\/wp-json\/wp\/v2\/festival_year?post=4283"}],"curies":[{"name":"wp","href":"https:\/\/api.w.org\/{rel}","templated":true}]}}