{"id":3848,"date":"2020-05-21T18:07:45","date_gmt":"2020-05-21T23:07:45","guid":{"rendered":"https:\/\/staging.macabro.mx\/?p=3848"},"modified":"2020-05-21T18:32:50","modified_gmt":"2020-05-21T23:32:50","slug":"estreno-sesionesdelmacabro-con-carlos-melendez","status":"publish","type":"post","link":"https:\/\/staging.macabro.mx\/en\/estreno-sesionesdelmacabro-con-carlos-melendez\/","title":{"rendered":"Estreno: #SesionesDelMacabro con Carlos Mel\u00e9ndez"},"content":{"rendered":"<p>Queridxs Macabrxs<\/p>\n<p>Bienvenidos a las Sesiones del Macabro, un espacio virtual creado para acercarnos a los creadores del horror y a sus obras. Cada semana publicaremos en este espacio una breve charla y la presentaci\u00f3n de un corto\/largometraje que ha formado parte de la programaci\u00f3n del Macabro.<\/p>\n<p>Esta semana iniciamos con la charla que tuvo la directora de Macabro, Edna Campos, con el realizador y guionista Carlos Mel\u00e9ndez, quien adem\u00e1s presentar\u00e1 por primera vez en un espacio digital su cortometraje &#8220;Clickbait&#8221;, el cual tuvo su premier en festivales en el marco de Macabro XVII, hace dos a\u00f1os.<\/p>\n<p>Para ver la charla sobre Clickbait entra aqu\u00ed:<\/p>\n<p><iframe loading=\"lazy\" title=\"Sesiones del Macabro: Presentaci\u00f3n de Clickbait con Carlos Mel\u00e9ndez\" width=\"900\" height=\"506\" src=\"https:\/\/www.youtube.com\/embed\/q3Za0GX3JoQ?feature=oembed\" frameborder=\"0\" allow=\"accelerometer; autoplay; encrypted-media; gyroscope; picture-in-picture\" allowfullscreen><\/iframe><\/p>\n<p>Para ver el cortormetraje Clickbait, entra aqu\u00ed:<\/p>\n<p><iframe loading=\"lazy\" title=\"CLICKBAIT\" width=\"900\" height=\"506\" src=\"https:\/\/www.youtube.com\/embed\/0f2AXi2zlAg?feature=oembed\" frameborder=\"0\" allow=\"accelerometer; autoplay; encrypted-media; gyroscope; picture-in-picture\" allowfullscreen><\/iframe><\/p>\n<p>Para enterarse de los estrenos de las Sesiones del Macabro, suscr\u00edbanse a nuestro canal de YouTube: <a href=\"https:\/\/www.youtube.com\/channel\/UC3cMCX214r9wMPPEGf99NbQ\">MacabroFichChannel<\/a><\/p>","protected":false},"excerpt":{"rendered":"Queridxs Macabrxs Bienvenidos a las Sesiones del Macabro, un espacio virtual creado para acercarnos a los creadores del horror y a sus obras. Cada semana publicaremos en este espacio una breve charla y la presentaci\u00f3n de un corto\/largometraje que ha formado parte de la programaci\u00f3n del Macabro. Esta semana iniciamos con la charla que tuvo","protected":false},"author":2,"featured_media":3850,"comment_status":"open","ping_status":"open","sticky":false,"template":"","format":"standard","meta":{"_acf_changed":false,"footnotes":""},"categories":[2],"tags":[317,224,20,416,43,114,348,193,23,54,1366,1367,50],"festival_year":[],"class_list":["post-3848","post","type-post","status-publish","format-standard","has-post-thumbnail","hentry","category-diario-macabro","tag-carlos-melendez","tag-cine-de-culto","tag-cine-de-terror","tag-cine-de-terror-mexicano","tag-cine-mexicano","tag-cortometraje","tag-diario-macabro","tag-festivales-de-cine","tag-macabro-fich","tag-macabro-film-festival","tag-macabrofichchannel","tag-sesiones-del-macabro","tag-streaming"],"acf":[],"yoast_head":"<!-- This site is optimized with the Yoast SEO plugin v27.2 - https:\/\/yoast.com\/product\/yoast-seo-wordpress\/ -->\n<title>Estreno: #SesionesDelMacabro con Carlos Mel\u00e9ndez | Macabro<\/title>\n<meta name=\"robots\" content=\"index, follow, max-snippet:-1, max-image-preview:large, max-video-preview:-1\" \/>\n<link rel=\"canonical\" href=\"https:\/\/staging.macabro.mx\/en\/estreno-sesionesdelmacabro-con-carlos-melendez\/\" \/>\n<meta property=\"og:locale\" content=\"en_US\" \/>\n<meta property=\"og:type\" content=\"article\" \/>\n<meta property=\"og:title\" content=\"Estreno: #SesionesDelMacabro con Carlos Mel\u00e9ndez | Macabro\" \/>\n<meta property=\"og:description\" content=\"Queridxs Macabrxs Bienvenidos a las Sesiones del Macabro, un espacio virtual creado para acercarnos a los creadores del horror y a sus obras. Cada semana publicaremos en este espacio una breve charla y la presentaci\u00f3n de un corto\/largometraje que ha formado parte de la programaci\u00f3n del Macabro. Esta semana iniciamos con la charla que tuvo\" \/>\n<meta property=\"og:url\" content=\"https:\/\/staging.macabro.mx\/en\/estreno-sesionesdelmacabro-con-carlos-melendez\/\" \/>\n<meta property=\"og:site_name\" content=\"Macabro\" \/>\n<meta property=\"article:publisher\" content=\"https:\/\/www.facebook.com\/MacabroFICH\" \/>\n<meta property=\"article:published_time\" content=\"2020-05-21T23:07:45+00:00\" \/>\n<meta property=\"article:modified_time\" content=\"2020-05-21T23:32:50+00:00\" \/>\n<meta property=\"og:image\" content=\"https:\/\/staging.macabro.mx\/wp-content\/uploads\/2020\/05\/EYgINvcWoAInq2t.png\" \/>\n\t<meta property=\"og:image:width\" content=\"680\" \/>\n\t<meta property=\"og:image:height\" content=\"349\" \/>\n\t<meta property=\"og:image:type\" content=\"image\/png\" \/>\n<meta name=\"author\" content=\"Diario Macabro\" \/>\n<meta name=\"twitter:card\" content=\"summary_large_image\" \/>\n<meta name=\"twitter:creator\" content=\"@MacabroFICH\" \/>\n<meta name=\"twitter:site\" content=\"@MacabroFICH\" \/>\n<meta name=\"twitter:label1\" content=\"Written by\" \/>\n\t<meta name=\"twitter:data1\" content=\"Diario Macabro\" \/>\n\t<meta name=\"twitter:label2\" content=\"Est. reading time\" \/>\n\t<meta name=\"twitter:data2\" content=\"1 minute\" \/>\n<script type=\"application\/ld+json\" class=\"yoast-schema-graph\">{\"@context\":\"https:\/\/schema.org\",\"@graph\":[{\"@type\":\"Article\",\"@id\":\"https:\/\/staging.macabro.mx\/estreno-sesionesdelmacabro-con-carlos-melendez\/#article\",\"isPartOf\":{\"@id\":\"https:\/\/staging.macabro.mx\/estreno-sesionesdelmacabro-con-carlos-melendez\/\"},\"author\":{\"name\":\"Diario Macabro\",\"@id\":\"https:\/\/staging.macabro.mx\/#\/schema\/person\/cb1d7e57b8371a3558481dab1425691d\"},\"headline\":\"Estreno: #SesionesDelMacabro con Carlos Mel\u00e9ndez\",\"datePublished\":\"2020-05-21T23:07:45+00:00\",\"dateModified\":\"2020-05-21T23:32:50+00:00\",\"mainEntityOfPage\":{\"@id\":\"https:\/\/staging.macabro.mx\/estreno-sesionesdelmacabro-con-carlos-melendez\/\"},\"wordCount\":155,\"commentCount\":0,\"publisher\":{\"@id\":\"https:\/\/staging.macabro.mx\/#organization\"},\"image\":{\"@id\":\"https:\/\/staging.macabro.mx\/estreno-sesionesdelmacabro-con-carlos-melendez\/#primaryimage\"},\"thumbnailUrl\":\"https:\/\/staging.macabro.mx\/wp-content\/uploads\/2020\/05\/EYgINvcWoAInq2t.png\",\"keywords\":[\"Carlos Melendez\",\"cine de culto\",\"cine de terror\",\"cine de terror mexicano\",\"cine mexicano\",\"Cortometraje\",\"Diario Macabro\",\"Festivales de cine\",\"Macabro FICH\",\"Macabro Film Festival\",\"MacabroFichChannel\",\"Sesiones del Macabro\",\"Streaming\"],\"articleSection\":[\"Diario Macabro\"],\"inLanguage\":\"en-US\",\"potentialAction\":[{\"@type\":\"CommentAction\",\"name\":\"Comment\",\"target\":[\"https:\/\/staging.macabro.mx\/estreno-sesionesdelmacabro-con-carlos-melendez\/#respond\"]}]},{\"@type\":\"WebPage\",\"@id\":\"https:\/\/staging.macabro.mx\/estreno-sesionesdelmacabro-con-carlos-melendez\/\",\"url\":\"https:\/\/staging.macabro.mx\/estreno-sesionesdelmacabro-con-carlos-melendez\/\",\"name\":\"Estreno: #SesionesDelMacabro con Carlos Mel\u00e9ndez | Macabro\",\"isPartOf\":{\"@id\":\"https:\/\/staging.macabro.mx\/#website\"},\"primaryImageOfPage\":{\"@id\":\"https:\/\/staging.macabro.mx\/estreno-sesionesdelmacabro-con-carlos-melendez\/#primaryimage\"},\"image\":{\"@id\":\"https:\/\/staging.macabro.mx\/estreno-sesionesdelmacabro-con-carlos-melendez\/#primaryimage\"},\"thumbnailUrl\":\"https:\/\/staging.macabro.mx\/wp-content\/uploads\/2020\/05\/EYgINvcWoAInq2t.png\",\"datePublished\":\"2020-05-21T23:07:45+00:00\",\"dateModified\":\"2020-05-21T23:32:50+00:00\",\"breadcrumb\":{\"@id\":\"https:\/\/staging.macabro.mx\/estreno-sesionesdelmacabro-con-carlos-melendez\/#breadcrumb\"},\"inLanguage\":\"en-US\",\"potentialAction\":[{\"@type\":\"ReadAction\",\"target\":[\"https:\/\/staging.macabro.mx\/estreno-sesionesdelmacabro-con-carlos-melendez\/\"]}]},{\"@type\":\"ImageObject\",\"inLanguage\":\"en-US\",\"@id\":\"https:\/\/staging.macabro.mx\/estreno-sesionesdelmacabro-con-carlos-melendez\/#primaryimage\",\"url\":\"https:\/\/staging.macabro.mx\/wp-content\/uploads\/2020\/05\/EYgINvcWoAInq2t.png\",\"contentUrl\":\"https:\/\/staging.macabro.mx\/wp-content\/uploads\/2020\/05\/EYgINvcWoAInq2t.png\",\"width\":680,\"height\":349},{\"@type\":\"BreadcrumbList\",\"@id\":\"https:\/\/staging.macabro.mx\/estreno-sesionesdelmacabro-con-carlos-melendez\/#breadcrumb\",\"itemListElement\":[{\"@type\":\"ListItem\",\"position\":1,\"name\":\"Home\",\"item\":\"https:\/\/staging.macabro.mx\/\"},{\"@type\":\"ListItem\",\"position\":2,\"name\":\"Diario Macabro\",\"item\":\"https:\/\/staging.macabro.mx\/category\/diario-macabro\/\"},{\"@type\":\"ListItem\",\"position\":3,\"name\":\"Estreno: #SesionesDelMacabro con Carlos Mel\u00e9ndez\"}]},{\"@type\":\"WebSite\",\"@id\":\"https:\/\/staging.macabro.mx\/#website\",\"url\":\"https:\/\/staging.macabro.mx\/\",\"name\":\"Macabro\",\"description\":\"Festival Internacional de Cine de Horror\",\"publisher\":{\"@id\":\"https:\/\/staging.macabro.mx\/#organization\"},\"potentialAction\":[{\"@type\":\"SearchAction\",\"target\":{\"@type\":\"EntryPoint\",\"urlTemplate\":\"https:\/\/staging.macabro.mx\/?s={search_term_string}\"},\"query-input\":{\"@type\":\"PropertyValueSpecification\",\"valueRequired\":true,\"valueName\":\"search_term_string\"}}],\"inLanguage\":\"en-US\"},{\"@type\":\"Organization\",\"@id\":\"https:\/\/staging.macabro.mx\/#organization\",\"name\":\"Macabro Film Festival 2025\",\"url\":\"https:\/\/staging.macabro.mx\/\",\"logo\":{\"@type\":\"ImageObject\",\"inLanguage\":\"en-US\",\"@id\":\"https:\/\/staging.macabro.mx\/#\/schema\/logo\/image\/\",\"url\":\"https:\/\/staging.macabro.mx\/wp-content\/uploads\/2020\/11\/logo-macabro.png\",\"contentUrl\":\"https:\/\/staging.macabro.mx\/wp-content\/uploads\/2020\/11\/logo-macabro.png\",\"width\":870,\"height\":336,\"caption\":\"Macabro Film Festival 2025\"},\"image\":{\"@id\":\"https:\/\/staging.macabro.mx\/#\/schema\/logo\/image\/\"},\"sameAs\":[\"https:\/\/www.facebook.com\/MacabroFICH\",\"https:\/\/x.com\/MacabroFICH\",\"https:\/\/www.instagram.com\/macabrofich\/\",\"https:\/\/www.youtube.com\/user\/macabrofest\"]},{\"@type\":\"Person\",\"@id\":\"https:\/\/staging.macabro.mx\/#\/schema\/person\/cb1d7e57b8371a3558481dab1425691d\",\"name\":\"Diario Macabro\",\"image\":{\"@type\":\"ImageObject\",\"inLanguage\":\"en-US\",\"@id\":\"https:\/\/secure.gravatar.com\/avatar\/c503ddb7b9ab82ba0cd034365e426a9406aee5285d5579fbb648e22029e78d98?s=96&d=mm&r=g\",\"url\":\"https:\/\/secure.gravatar.com\/avatar\/c503ddb7b9ab82ba0cd034365e426a9406aee5285d5579fbb648e22029e78d98?s=96&d=mm&r=g\",\"contentUrl\":\"https:\/\/secure.gravatar.com\/avatar\/c503ddb7b9ab82ba0cd034365e426a9406aee5285d5579fbb648e22029e78d98?s=96&d=mm&r=g\",\"caption\":\"Diario Macabro\"},\"url\":\"https:\/\/staging.macabro.mx\/en\/author\/diario-macabro\/\"}]}<\/script>\n<!-- \/ Yoast SEO plugin. -->","yoast_head_json":{"title":"Estreno: #SesionesDelMacabro con Carlos Mel\u00e9ndez | Macabro","robots":{"index":"index","follow":"follow","max-snippet":"max-snippet:-1","max-image-preview":"max-image-preview:large","max-video-preview":"max-video-preview:-1"},"canonical":"https:\/\/staging.macabro.mx\/en\/estreno-sesionesdelmacabro-con-carlos-melendez\/","og_locale":"en_US","og_type":"article","og_title":"Estreno: #SesionesDelMacabro con Carlos Mel\u00e9ndez | Macabro","og_description":"Queridxs Macabrxs Bienvenidos a las Sesiones del Macabro, un espacio virtual creado para acercarnos a los creadores del horror y a sus obras. Cada semana publicaremos en este espacio una breve charla y la presentaci\u00f3n de un corto\/largometraje que ha formado parte de la programaci\u00f3n del Macabro. Esta semana iniciamos con la charla que tuvo","og_url":"https:\/\/staging.macabro.mx\/en\/estreno-sesionesdelmacabro-con-carlos-melendez\/","og_site_name":"Macabro","article_publisher":"https:\/\/www.facebook.com\/MacabroFICH","article_published_time":"2020-05-21T23:07:45+00:00","article_modified_time":"2020-05-21T23:32:50+00:00","og_image":[{"width":680,"height":349,"url":"https:\/\/staging.macabro.mx\/wp-content\/uploads\/2020\/05\/EYgINvcWoAInq2t.png","type":"image\/png"}],"author":"Diario Macabro","twitter_card":"summary_large_image","twitter_creator":"@MacabroFICH","twitter_site":"@MacabroFICH","twitter_misc":{"Written by":"Diario Macabro","Est. reading time":"1 minute"},"schema":{"@context":"https:\/\/schema.org","@graph":[{"@type":"Article","@id":"https:\/\/staging.macabro.mx\/estreno-sesionesdelmacabro-con-carlos-melendez\/#article","isPartOf":{"@id":"https:\/\/staging.macabro.mx\/estreno-sesionesdelmacabro-con-carlos-melendez\/"},"author":{"name":"Diario Macabro","@id":"https:\/\/staging.macabro.mx\/#\/schema\/person\/cb1d7e57b8371a3558481dab1425691d"},"headline":"Estreno: #SesionesDelMacabro con Carlos Mel\u00e9ndez","datePublished":"2020-05-21T23:07:45+00:00","dateModified":"2020-05-21T23:32:50+00:00","mainEntityOfPage":{"@id":"https:\/\/staging.macabro.mx\/estreno-sesionesdelmacabro-con-carlos-melendez\/"},"wordCount":155,"commentCount":0,"publisher":{"@id":"https:\/\/staging.macabro.mx\/#organization"},"image":{"@id":"https:\/\/staging.macabro.mx\/estreno-sesionesdelmacabro-con-carlos-melendez\/#primaryimage"},"thumbnailUrl":"https:\/\/staging.macabro.mx\/wp-content\/uploads\/2020\/05\/EYgINvcWoAInq2t.png","keywords":["Carlos Melendez","cine de culto","cine de terror","cine de terror mexicano","cine mexicano","Cortometraje","Diario Macabro","Festivales de cine","Macabro FICH","Macabro Film Festival","MacabroFichChannel","Sesiones del Macabro","Streaming"],"articleSection":["Diario Macabro"],"inLanguage":"en-US","potentialAction":[{"@type":"CommentAction","name":"Comment","target":["https:\/\/staging.macabro.mx\/estreno-sesionesdelmacabro-con-carlos-melendez\/#respond"]}]},{"@type":"WebPage","@id":"https:\/\/staging.macabro.mx\/estreno-sesionesdelmacabro-con-carlos-melendez\/","url":"https:\/\/staging.macabro.mx\/estreno-sesionesdelmacabro-con-carlos-melendez\/","name":"Estreno: #SesionesDelMacabro con Carlos Mel\u00e9ndez | Macabro","isPartOf":{"@id":"https:\/\/staging.macabro.mx\/#website"},"primaryImageOfPage":{"@id":"https:\/\/staging.macabro.mx\/estreno-sesionesdelmacabro-con-carlos-melendez\/#primaryimage"},"image":{"@id":"https:\/\/staging.macabro.mx\/estreno-sesionesdelmacabro-con-carlos-melendez\/#primaryimage"},"thumbnailUrl":"https:\/\/staging.macabro.mx\/wp-content\/uploads\/2020\/05\/EYgINvcWoAInq2t.png","datePublished":"2020-05-21T23:07:45+00:00","dateModified":"2020-05-21T23:32:50+00:00","breadcrumb":{"@id":"https:\/\/staging.macabro.mx\/estreno-sesionesdelmacabro-con-carlos-melendez\/#breadcrumb"},"inLanguage":"en-US","potentialAction":[{"@type":"ReadAction","target":["https:\/\/staging.macabro.mx\/estreno-sesionesdelmacabro-con-carlos-melendez\/"]}]},{"@type":"ImageObject","inLanguage":"en-US","@id":"https:\/\/staging.macabro.mx\/estreno-sesionesdelmacabro-con-carlos-melendez\/#primaryimage","url":"https:\/\/staging.macabro.mx\/wp-content\/uploads\/2020\/05\/EYgINvcWoAInq2t.png","contentUrl":"https:\/\/staging.macabro.mx\/wp-content\/uploads\/2020\/05\/EYgINvcWoAInq2t.png","width":680,"height":349},{"@type":"BreadcrumbList","@id":"https:\/\/staging.macabro.mx\/estreno-sesionesdelmacabro-con-carlos-melendez\/#breadcrumb","itemListElement":[{"@type":"ListItem","position":1,"name":"Home","item":"https:\/\/staging.macabro.mx\/"},{"@type":"ListItem","position":2,"name":"Diario Macabro","item":"https:\/\/staging.macabro.mx\/category\/diario-macabro\/"},{"@type":"ListItem","position":3,"name":"Estreno: #SesionesDelMacabro con Carlos Mel\u00e9ndez"}]},{"@type":"WebSite","@id":"https:\/\/staging.macabro.mx\/#website","url":"https:\/\/staging.macabro.mx\/","name":"Macabro","description":"Festival Internacional de Cine de Horror","publisher":{"@id":"https:\/\/staging.macabro.mx\/#organization"},"potentialAction":[{"@type":"SearchAction","target":{"@type":"EntryPoint","urlTemplate":"https:\/\/staging.macabro.mx\/?s={search_term_string}"},"query-input":{"@type":"PropertyValueSpecification","valueRequired":true,"valueName":"search_term_string"}}],"inLanguage":"en-US"},{"@type":"Organization","@id":"https:\/\/staging.macabro.mx\/#organization","name":"Macabro Film Festival 2025","url":"https:\/\/staging.macabro.mx\/","logo":{"@type":"ImageObject","inLanguage":"en-US","@id":"https:\/\/staging.macabro.mx\/#\/schema\/logo\/image\/","url":"https:\/\/staging.macabro.mx\/wp-content\/uploads\/2020\/11\/logo-macabro.png","contentUrl":"https:\/\/staging.macabro.mx\/wp-content\/uploads\/2020\/11\/logo-macabro.png","width":870,"height":336,"caption":"Macabro Film Festival 2025"},"image":{"@id":"https:\/\/staging.macabro.mx\/#\/schema\/logo\/image\/"},"sameAs":["https:\/\/www.facebook.com\/MacabroFICH","https:\/\/x.com\/MacabroFICH","https:\/\/www.instagram.com\/macabrofich\/","https:\/\/www.youtube.com\/user\/macabrofest"]},{"@type":"Person","@id":"https:\/\/staging.macabro.mx\/#\/schema\/person\/cb1d7e57b8371a3558481dab1425691d","name":"Diario Macabro","image":{"@type":"ImageObject","inLanguage":"en-US","@id":"https:\/\/secure.gravatar.com\/avatar\/c503ddb7b9ab82ba0cd034365e426a9406aee5285d5579fbb648e22029e78d98?s=96&d=mm&r=g","url":"https:\/\/secure.gravatar.com\/avatar\/c503ddb7b9ab82ba0cd034365e426a9406aee5285d5579fbb648e22029e78d98?s=96&d=mm&r=g","contentUrl":"https:\/\/secure.gravatar.com\/avatar\/c503ddb7b9ab82ba0cd034365e426a9406aee5285d5579fbb648e22029e78d98?s=96&d=mm&r=g","caption":"Diario Macabro"},"url":"https:\/\/staging.macabro.mx\/en\/author\/diario-macabro\/"}]}},"_links":{"self":[{"href":"https:\/\/staging.macabro.mx\/en\/wp-json\/wp\/v2\/posts\/3848","targetHints":{"allow":["GET"]}}],"collection":[{"href":"https:\/\/staging.macabro.mx\/en\/wp-json\/wp\/v2\/posts"}],"about":[{"href":"https:\/\/staging.macabro.mx\/en\/wp-json\/wp\/v2\/types\/post"}],"author":[{"embeddable":true,"href":"https:\/\/staging.macabro.mx\/en\/wp-json\/wp\/v2\/users\/2"}],"replies":[{"embeddable":true,"href":"https:\/\/staging.macabro.mx\/en\/wp-json\/wp\/v2\/comments?post=3848"}],"version-history":[{"count":3,"href":"https:\/\/staging.macabro.mx\/en\/wp-json\/wp\/v2\/posts\/3848\/revisions"}],"predecessor-version":[{"id":3852,"href":"https:\/\/staging.macabro.mx\/en\/wp-json\/wp\/v2\/posts\/3848\/revisions\/3852"}],"wp:featuredmedia":[{"embeddable":true,"href":"https:\/\/staging.macabro.mx\/en\/wp-json\/wp\/v2\/media\/3850"}],"wp:attachment":[{"href":"https:\/\/staging.macabro.mx\/en\/wp-json\/wp\/v2\/media?parent=3848"}],"wp:term":[{"taxonomy":"category","embeddable":true,"href":"https:\/\/staging.macabro.mx\/en\/wp-json\/wp\/v2\/categories?post=3848"},{"taxonomy":"post_tag","embeddable":true,"href":"https:\/\/staging.macabro.mx\/en\/wp-json\/wp\/v2\/tags?post=3848"},{"taxonomy":"festival_year","embeddable":true,"href":"https:\/\/staging.macabro.mx\/en\/wp-json\/wp\/v2\/festival_year?post=3848"}],"curies":[{"name":"wp","href":"https:\/\/api.w.org\/{rel}","templated":true}]}}