{"id":3516,"date":"2019-08-28T13:52:56","date_gmt":"2019-08-28T18:52:56","guid":{"rendered":"https:\/\/staging.macabro.mx\/?p=3516"},"modified":"2019-08-28T13:55:09","modified_gmt":"2019-08-28T18:55:09","slug":"agendamacabro-dia-8-sangre-para-la-carne-jairo-pinilla-y-la-noche-del-asesino-serial-en-pulquecinema","status":"publish","type":"post","link":"https:\/\/staging.macabro.mx\/en\/agendamacabro-dia-8-sangre-para-la-carne-jairo-pinilla-y-la-noche-del-asesino-serial-en-pulquecinema\/","title":{"rendered":"#AgendaMacabra: D\u00eda 8. Sangre para la carne, Jairo Pinilla y la noche del asesino serial en Pulquecinema"},"content":{"rendered":"<p>En nuestro octavo d\u00eda de actividades, te recomendamos:<\/p>\n<p><span style=\"color: #800000;\"><strong>Selecci\u00f3n oficial iberoamericana<\/strong><\/span><\/p>\n<p>Estreno mundial de:<\/p>\n<p>SANGRE PARA LA CARNE\u00a0 2019\u00a0 M\u00e9xico\u00a0 65 min.<\/p>\n<p>DIRECCI\u00d3N\u00a0ALEX HERN\u00c1NDEZ<\/p>\n<p>Una extra\u00f1a relaci\u00f3n familiar se ve transgredida cuando una hostil tribu can\u00edbal asecha a la \u00fanica mujer de la familia.\u00a0 Violentas decisiones se convierten en actos de tortura y deseos de placer.<br \/>\nUno a uno hasta corromper la moral familiar y desentra\u00f1ar los m\u00e1s oscuros impulsos primitivos del hombre. El tri\u00e1ngulo perfecto para una fiesta de incesto, violencia y dolor.<\/p>\n<p>Reparto:\u00a0Erika L\u00f3pez, Juan Manuel Mart\u00ednez, Luis Navarro<\/p>\n<p>Cineteca Nacional &#8211; 16:00 horas &#8211; Con la presencia del director.<\/p>\n<p><img loading=\"lazy\" decoding=\"async\" class=\"wp-image-3517 aligncenter\" src=\"https:\/\/staging.macabro.mx\/wp-content\/uploads\/2019\/08\/SPLCA-700x1082.jpg\" alt=\"\" width=\"427\" height=\"660\" srcset=\"https:\/\/staging.macabro.mx\/wp-content\/uploads\/2019\/08\/SPLCA-700x1082.jpg 700w, https:\/\/staging.macabro.mx\/wp-content\/uploads\/2019\/08\/SPLCA-250x386.jpg 250w, https:\/\/staging.macabro.mx\/wp-content\/uploads\/2019\/08\/SPLCA-768x1187.jpg 768w, https:\/\/staging.macabro.mx\/wp-content\/uploads\/2019\/08\/SPLCA-120x185.jpg 120w, https:\/\/staging.macabro.mx\/wp-content\/uploads\/2019\/08\/SPLCA.jpg 1650w\" sizes=\"auto, (max-width: 427px) 100vw, 427px\" \/><\/p>\n<p><strong><span style=\"color: #800000;\">\u00daltimo d\u00eda de la retrospectiva de Jairo Pinilla<\/span><\/strong><\/p>\n<p>27 HORAS CON LA MUERTE \u2013 1981 \u2013 Colombia &#8211; 113 min.<\/p>\n<p>DIRECCI\u00d3N\u00a0JAIRO PINILLA<\/p>\n<p>Reparto:\u00a0Julio Del Mar,\u00a0Yvonne Maritza G\u00f3mez,\u00a0Ana Mar\u00eda Hurtado.<\/p>\n<p>Un vividor se arriesga a experimentar con una p\u00edldora que produce efectos catal\u00e9pticos, con esto busca fingir su muerte y luego regresar de la tumba para cobrar su propio seguro de vida. Sin embargo algo sucede y las cosas no resultan como \u00e9l las hab\u00eda planeado.<\/p>\n<p>Cineteca Nacional &#8211; 18:00 horas &#8211; Con presencia del director<\/p>\n<p><img loading=\"lazy\" decoding=\"async\" class=\"wp-image-3518 aligncenter\" src=\"https:\/\/staging.macabro.mx\/wp-content\/uploads\/2019\/08\/44-27-horas.jpg\" alt=\"\" width=\"415\" height=\"587\" srcset=\"https:\/\/staging.macabro.mx\/wp-content\/uploads\/2019\/08\/44-27-horas.jpg 570w, https:\/\/staging.macabro.mx\/wp-content\/uploads\/2019\/08\/44-27-horas-250x354.jpg 250w, https:\/\/staging.macabro.mx\/wp-content\/uploads\/2019\/08\/44-27-horas-120x170.jpg 120w\" sizes=\"auto, (max-width: 415px) 100vw, 415px\" \/><\/p>\n<p>&nbsp;<\/p>\n<p><strong><span style=\"color: #800000;\">Pulquecinema presenta: &#8220;La noche del asesino&#8221; en Pulquer\u00eda Insurgentes\u00a0<\/span><\/strong><\/p>\n<p>Muy interesante edici\u00f3n especial Cr\u00edmenes M\u00e9xico. El True Crimen, tan solicitado desde que naci\u00f3 la prensa, es un g\u00e9nero que toma un hecho delincuencial y por medio del h\u00edbrido entre literatura, ofrece una relato de hechos que lo mismo fascinan que causan repulsi\u00f3n. Los eventos descritos en este especial nos recuerdan los peores temores como pa\u00eds y por \u00e9l deambulan lo mismo asesinos seriales, que sicarios convertidos en mass murders. Muchos de estos cr\u00edmenes han inspirado pel\u00edculas de verdadero terror.<\/p>\n<p><strong>Presentan:<\/strong>\u00a0Gerardo Sifuentes, Omar Delgado, Luis Felipe Brice e Iv\u00e1n Far\u00edas.<\/p>\n<p>Despu\u00e9s de la presentaci\u00f3n proyectaremos:<\/p>\n<p><strong>El profeta Mimi<\/strong><\/p>\n<p>Direcci\u00f3n:\u00a0Jos\u00e9 Estrada | M\u00e9xico | 90 min | 1973<\/p>\n<p>Reparto:\u00a0Ignacio L\u00f3pez Tarso,\u00a0Ofelia Guilmain,\u00a0Ana Mart\u00edn,\u00a0Carmen Montejo, Roberto Guzm\u00e1n<\/p>\n<p>Con locaciones en el portal de Santo Domingo y en la colonia Guerrero de la ciudad de M\u00e9xico, \u201cEl profeta Mim\u00ed\u201d es la historia de \u00c1ngel Pe\u00f1afiel \u201cMim\u00ed\u201d (L\u00f3pez Tarso), hombre maduro que vive con su madre en una vecindad. Inspirado por un sentimiento de venganza, y debido a su fanatismo religioso y represi\u00f3n en la que ha vivido, decide ahorcar prostitutas empleando un cord\u00f3n negro, todo con la finalidad de redimirlas y liberarlas as\u00ed de sus culpas. Sin embargo, y a pesar de su aparente ingenuidad, vive un dilema moral cuando la mujer que ama y por quien est\u00e1 dispuesto a sacrificarse (Ana Mart\u00edn) se convierte en prostituta ante su dif\u00edcil situaci\u00f3n econ\u00f3mica.<\/p>\n<p>Pulquer\u00eda Insurgentes &#8211; 20:00 horas &#8211; Actividades gratuitas<\/p>\n<p><img loading=\"lazy\" decoding=\"async\" class=\"wp-image-3519 aligncenter\" src=\"https:\/\/staging.macabro.mx\/wp-content\/uploads\/2019\/08\/pulquecinema-700x700.jpg\" alt=\"\" width=\"547\" height=\"547\" srcset=\"https:\/\/staging.macabro.mx\/wp-content\/uploads\/2019\/08\/pulquecinema-700x700.jpg 700w, https:\/\/staging.macabro.mx\/wp-content\/uploads\/2019\/08\/pulquecinema-150x150.jpg 150w, https:\/\/staging.macabro.mx\/wp-content\/uploads\/2019\/08\/pulquecinema-250x250.jpg 250w, https:\/\/staging.macabro.mx\/wp-content\/uploads\/2019\/08\/pulquecinema-768x768.jpg 768w, https:\/\/staging.macabro.mx\/wp-content\/uploads\/2019\/08\/pulquecinema-120x120.jpg 120w, https:\/\/staging.macabro.mx\/wp-content\/uploads\/2019\/08\/pulquecinema.jpg 1080w\" sizes=\"auto, (max-width: 547px) 100vw, 547px\" \/><\/p>","protected":false},"excerpt":{"rendered":"En nuestro octavo d\u00eda de actividades, te recomendamos: Selecci\u00f3n oficial iberoamericana Estreno mundial de: SANGRE PARA LA CARNE\u00a0 2019\u00a0 M\u00e9xico\u00a0 65 min. DIRECCI\u00d3N\u00a0ALEX HERN\u00c1NDEZ Una extra\u00f1a relaci\u00f3n familiar se ve transgredida cuando una hostil tribu can\u00edbal asecha a la \u00fanica mujer de la familia.\u00a0 Violentas decisiones se convierten en actos de tortura y deseos de","protected":false},"author":2,"featured_media":3519,"comment_status":"open","ping_status":"open","sticky":false,"template":"","format":"standard","meta":{"_acf_changed":false,"footnotes":""},"categories":[2],"tags":[849,20,43,502,1237,129,48,1235,23,54,1024,1208,1238],"festival_year":[],"class_list":["post-3516","post","type-post","status-publish","format-standard","has-post-thumbnail","hentry","category-diario-macabro","tag-asesinos-seriales","tag-cine-de-terror","tag-cine-mexicano","tag-cine-mexicano-de-terror","tag-el-profeta-mimi","tag-horror-film-festivals","tag-horror-films","tag-jairo-pinilla","tag-macabro-fich","tag-macabro-film-festival","tag-macabro-xviii","tag-muy-interesante","tag-nota-roja"],"acf":[],"yoast_head":"<!-- This site is optimized with the Yoast SEO plugin v27.2 - https:\/\/yoast.com\/product\/yoast-seo-wordpress\/ -->\n<title>#AgendaMacabra: D\u00eda 8. Sangre para la carne, Jairo Pinilla y la noche del asesino serial en Pulquecinema | Macabro<\/title>\n<meta name=\"robots\" content=\"index, follow, max-snippet:-1, max-image-preview:large, max-video-preview:-1\" \/>\n<link rel=\"canonical\" href=\"https:\/\/staging.macabro.mx\/en\/agendamacabro-dia-8-sangre-para-la-carne-jairo-pinilla-y-la-noche-del-asesino-serial-en-pulquecinema\/\" \/>\n<meta property=\"og:locale\" content=\"en_US\" \/>\n<meta property=\"og:type\" content=\"article\" \/>\n<meta property=\"og:title\" content=\"#AgendaMacabra: D\u00eda 8. Sangre para la carne, Jairo Pinilla y la noche del asesino serial en Pulquecinema | Macabro\" \/>\n<meta property=\"og:description\" content=\"En nuestro octavo d\u00eda de actividades, te recomendamos: Selecci\u00f3n oficial iberoamericana Estreno mundial de: SANGRE PARA LA CARNE\u00a0 2019\u00a0 M\u00e9xico\u00a0 65 min. DIRECCI\u00d3N\u00a0ALEX HERN\u00c1NDEZ Una extra\u00f1a relaci\u00f3n familiar se ve transgredida cuando una hostil tribu can\u00edbal asecha a la \u00fanica mujer de la familia.\u00a0 Violentas decisiones se convierten en actos de tortura y deseos de\" \/>\n<meta property=\"og:url\" content=\"https:\/\/staging.macabro.mx\/en\/agendamacabro-dia-8-sangre-para-la-carne-jairo-pinilla-y-la-noche-del-asesino-serial-en-pulquecinema\/\" \/>\n<meta property=\"og:site_name\" content=\"Macabro\" \/>\n<meta property=\"article:publisher\" content=\"https:\/\/www.facebook.com\/MacabroFICH\" \/>\n<meta property=\"article:published_time\" content=\"2019-08-28T18:52:56+00:00\" \/>\n<meta property=\"article:modified_time\" content=\"2019-08-28T18:55:09+00:00\" \/>\n<meta property=\"og:image\" content=\"https:\/\/staging.macabro.mx\/wp-content\/uploads\/2019\/08\/pulquecinema.jpg\" \/>\n\t<meta property=\"og:image:width\" content=\"1080\" \/>\n\t<meta property=\"og:image:height\" content=\"1080\" \/>\n\t<meta property=\"og:image:type\" content=\"image\/jpeg\" \/>\n<meta name=\"author\" content=\"Diario Macabro\" \/>\n<meta name=\"twitter:card\" content=\"summary_large_image\" \/>\n<meta name=\"twitter:creator\" content=\"@MacabroFICH\" \/>\n<meta name=\"twitter:site\" content=\"@MacabroFICH\" \/>\n<meta name=\"twitter:label1\" content=\"Written by\" \/>\n\t<meta name=\"twitter:data1\" content=\"Diario Macabro\" \/>\n\t<meta name=\"twitter:label2\" content=\"Est. reading time\" \/>\n\t<meta name=\"twitter:data2\" content=\"2 minutes\" \/>\n<script type=\"application\/ld+json\" class=\"yoast-schema-graph\">{\"@context\":\"https:\/\/schema.org\",\"@graph\":[{\"@type\":\"Article\",\"@id\":\"https:\/\/staging.macabro.mx\/agendamacabro-dia-8-sangre-para-la-carne-jairo-pinilla-y-la-noche-del-asesino-serial-en-pulquecinema\/#article\",\"isPartOf\":{\"@id\":\"https:\/\/staging.macabro.mx\/agendamacabro-dia-8-sangre-para-la-carne-jairo-pinilla-y-la-noche-del-asesino-serial-en-pulquecinema\/\"},\"author\":{\"name\":\"Diario Macabro\",\"@id\":\"https:\/\/staging.macabro.mx\/#\/schema\/person\/cb1d7e57b8371a3558481dab1425691d\"},\"headline\":\"#AgendaMacabra: D\u00eda 8. Sangre para la carne, Jairo Pinilla y la noche del asesino serial en Pulquecinema\",\"datePublished\":\"2019-08-28T18:52:56+00:00\",\"dateModified\":\"2019-08-28T18:55:09+00:00\",\"mainEntityOfPage\":{\"@id\":\"https:\/\/staging.macabro.mx\/agendamacabro-dia-8-sangre-para-la-carne-jairo-pinilla-y-la-noche-del-asesino-serial-en-pulquecinema\/\"},\"wordCount\":497,\"commentCount\":0,\"publisher\":{\"@id\":\"https:\/\/staging.macabro.mx\/#organization\"},\"image\":{\"@id\":\"https:\/\/staging.macabro.mx\/agendamacabro-dia-8-sangre-para-la-carne-jairo-pinilla-y-la-noche-del-asesino-serial-en-pulquecinema\/#primaryimage\"},\"thumbnailUrl\":\"https:\/\/staging.macabro.mx\/wp-content\/uploads\/2019\/08\/pulquecinema.jpg\",\"keywords\":[\"Asesinos seriales\",\"cine de terror\",\"cine mexicano\",\"Cine mexicano de terror\",\"El profeta Mimi\",\"Horror Film Festivals\",\"Horror Films\",\"Jairo Pinilla\",\"Macabro FICH\",\"Macabro Film Festival\",\"Macabro XVIII\",\"muy interesante\",\"nota roja\"],\"articleSection\":[\"Diario Macabro\"],\"inLanguage\":\"en-US\",\"potentialAction\":[{\"@type\":\"CommentAction\",\"name\":\"Comment\",\"target\":[\"https:\/\/staging.macabro.mx\/agendamacabro-dia-8-sangre-para-la-carne-jairo-pinilla-y-la-noche-del-asesino-serial-en-pulquecinema\/#respond\"]}]},{\"@type\":\"WebPage\",\"@id\":\"https:\/\/staging.macabro.mx\/agendamacabro-dia-8-sangre-para-la-carne-jairo-pinilla-y-la-noche-del-asesino-serial-en-pulquecinema\/\",\"url\":\"https:\/\/staging.macabro.mx\/agendamacabro-dia-8-sangre-para-la-carne-jairo-pinilla-y-la-noche-del-asesino-serial-en-pulquecinema\/\",\"name\":\"#AgendaMacabra: D\u00eda 8. Sangre para la carne, Jairo Pinilla y la noche del asesino serial en Pulquecinema | Macabro\",\"isPartOf\":{\"@id\":\"https:\/\/staging.macabro.mx\/#website\"},\"primaryImageOfPage\":{\"@id\":\"https:\/\/staging.macabro.mx\/agendamacabro-dia-8-sangre-para-la-carne-jairo-pinilla-y-la-noche-del-asesino-serial-en-pulquecinema\/#primaryimage\"},\"image\":{\"@id\":\"https:\/\/staging.macabro.mx\/agendamacabro-dia-8-sangre-para-la-carne-jairo-pinilla-y-la-noche-del-asesino-serial-en-pulquecinema\/#primaryimage\"},\"thumbnailUrl\":\"https:\/\/staging.macabro.mx\/wp-content\/uploads\/2019\/08\/pulquecinema.jpg\",\"datePublished\":\"2019-08-28T18:52:56+00:00\",\"dateModified\":\"2019-08-28T18:55:09+00:00\",\"breadcrumb\":{\"@id\":\"https:\/\/staging.macabro.mx\/agendamacabro-dia-8-sangre-para-la-carne-jairo-pinilla-y-la-noche-del-asesino-serial-en-pulquecinema\/#breadcrumb\"},\"inLanguage\":\"en-US\",\"potentialAction\":[{\"@type\":\"ReadAction\",\"target\":[\"https:\/\/staging.macabro.mx\/agendamacabro-dia-8-sangre-para-la-carne-jairo-pinilla-y-la-noche-del-asesino-serial-en-pulquecinema\/\"]}]},{\"@type\":\"ImageObject\",\"inLanguage\":\"en-US\",\"@id\":\"https:\/\/staging.macabro.mx\/agendamacabro-dia-8-sangre-para-la-carne-jairo-pinilla-y-la-noche-del-asesino-serial-en-pulquecinema\/#primaryimage\",\"url\":\"https:\/\/staging.macabro.mx\/wp-content\/uploads\/2019\/08\/pulquecinema.jpg\",\"contentUrl\":\"https:\/\/staging.macabro.mx\/wp-content\/uploads\/2019\/08\/pulquecinema.jpg\",\"width\":1080,\"height\":1080},{\"@type\":\"BreadcrumbList\",\"@id\":\"https:\/\/staging.macabro.mx\/agendamacabro-dia-8-sangre-para-la-carne-jairo-pinilla-y-la-noche-del-asesino-serial-en-pulquecinema\/#breadcrumb\",\"itemListElement\":[{\"@type\":\"ListItem\",\"position\":1,\"name\":\"Home\",\"item\":\"https:\/\/staging.macabro.mx\/\"},{\"@type\":\"ListItem\",\"position\":2,\"name\":\"Diario Macabro\",\"item\":\"https:\/\/staging.macabro.mx\/category\/diario-macabro\/\"},{\"@type\":\"ListItem\",\"position\":3,\"name\":\"#AgendaMacabra: D\u00eda 8. Sangre para la carne, Jairo Pinilla y la noche del asesino serial en Pulquecinema\"}]},{\"@type\":\"WebSite\",\"@id\":\"https:\/\/staging.macabro.mx\/#website\",\"url\":\"https:\/\/staging.macabro.mx\/\",\"name\":\"Macabro\",\"description\":\"Festival Internacional de Cine de Horror\",\"publisher\":{\"@id\":\"https:\/\/staging.macabro.mx\/#organization\"},\"potentialAction\":[{\"@type\":\"SearchAction\",\"target\":{\"@type\":\"EntryPoint\",\"urlTemplate\":\"https:\/\/staging.macabro.mx\/?s={search_term_string}\"},\"query-input\":{\"@type\":\"PropertyValueSpecification\",\"valueRequired\":true,\"valueName\":\"search_term_string\"}}],\"inLanguage\":\"en-US\"},{\"@type\":\"Organization\",\"@id\":\"https:\/\/staging.macabro.mx\/#organization\",\"name\":\"Macabro Film Festival 2025\",\"url\":\"https:\/\/staging.macabro.mx\/\",\"logo\":{\"@type\":\"ImageObject\",\"inLanguage\":\"en-US\",\"@id\":\"https:\/\/staging.macabro.mx\/#\/schema\/logo\/image\/\",\"url\":\"https:\/\/staging.macabro.mx\/wp-content\/uploads\/2020\/11\/logo-macabro.png\",\"contentUrl\":\"https:\/\/staging.macabro.mx\/wp-content\/uploads\/2020\/11\/logo-macabro.png\",\"width\":870,\"height\":336,\"caption\":\"Macabro Film Festival 2025\"},\"image\":{\"@id\":\"https:\/\/staging.macabro.mx\/#\/schema\/logo\/image\/\"},\"sameAs\":[\"https:\/\/www.facebook.com\/MacabroFICH\",\"https:\/\/x.com\/MacabroFICH\",\"https:\/\/www.instagram.com\/macabrofich\/\",\"https:\/\/www.youtube.com\/user\/macabrofest\"]},{\"@type\":\"Person\",\"@id\":\"https:\/\/staging.macabro.mx\/#\/schema\/person\/cb1d7e57b8371a3558481dab1425691d\",\"name\":\"Diario Macabro\",\"image\":{\"@type\":\"ImageObject\",\"inLanguage\":\"en-US\",\"@id\":\"https:\/\/secure.gravatar.com\/avatar\/c503ddb7b9ab82ba0cd034365e426a9406aee5285d5579fbb648e22029e78d98?s=96&d=mm&r=g\",\"url\":\"https:\/\/secure.gravatar.com\/avatar\/c503ddb7b9ab82ba0cd034365e426a9406aee5285d5579fbb648e22029e78d98?s=96&d=mm&r=g\",\"contentUrl\":\"https:\/\/secure.gravatar.com\/avatar\/c503ddb7b9ab82ba0cd034365e426a9406aee5285d5579fbb648e22029e78d98?s=96&d=mm&r=g\",\"caption\":\"Diario Macabro\"},\"url\":\"https:\/\/staging.macabro.mx\/en\/author\/diario-macabro\/\"}]}<\/script>\n<!-- \/ Yoast SEO plugin. -->","yoast_head_json":{"title":"#AgendaMacabra: D\u00eda 8. Sangre para la carne, Jairo Pinilla y la noche del asesino serial en Pulquecinema | Macabro","robots":{"index":"index","follow":"follow","max-snippet":"max-snippet:-1","max-image-preview":"max-image-preview:large","max-video-preview":"max-video-preview:-1"},"canonical":"https:\/\/staging.macabro.mx\/en\/agendamacabro-dia-8-sangre-para-la-carne-jairo-pinilla-y-la-noche-del-asesino-serial-en-pulquecinema\/","og_locale":"en_US","og_type":"article","og_title":"#AgendaMacabra: D\u00eda 8. Sangre para la carne, Jairo Pinilla y la noche del asesino serial en Pulquecinema | Macabro","og_description":"En nuestro octavo d\u00eda de actividades, te recomendamos: Selecci\u00f3n oficial iberoamericana Estreno mundial de: SANGRE PARA LA CARNE\u00a0 2019\u00a0 M\u00e9xico\u00a0 65 min. DIRECCI\u00d3N\u00a0ALEX HERN\u00c1NDEZ Una extra\u00f1a relaci\u00f3n familiar se ve transgredida cuando una hostil tribu can\u00edbal asecha a la \u00fanica mujer de la familia.\u00a0 Violentas decisiones se convierten en actos de tortura y deseos de","og_url":"https:\/\/staging.macabro.mx\/en\/agendamacabro-dia-8-sangre-para-la-carne-jairo-pinilla-y-la-noche-del-asesino-serial-en-pulquecinema\/","og_site_name":"Macabro","article_publisher":"https:\/\/www.facebook.com\/MacabroFICH","article_published_time":"2019-08-28T18:52:56+00:00","article_modified_time":"2019-08-28T18:55:09+00:00","og_image":[{"width":1080,"height":1080,"url":"https:\/\/staging.macabro.mx\/wp-content\/uploads\/2019\/08\/pulquecinema.jpg","type":"image\/jpeg"}],"author":"Diario Macabro","twitter_card":"summary_large_image","twitter_creator":"@MacabroFICH","twitter_site":"@MacabroFICH","twitter_misc":{"Written by":"Diario Macabro","Est. reading time":"2 minutes"},"schema":{"@context":"https:\/\/schema.org","@graph":[{"@type":"Article","@id":"https:\/\/staging.macabro.mx\/agendamacabro-dia-8-sangre-para-la-carne-jairo-pinilla-y-la-noche-del-asesino-serial-en-pulquecinema\/#article","isPartOf":{"@id":"https:\/\/staging.macabro.mx\/agendamacabro-dia-8-sangre-para-la-carne-jairo-pinilla-y-la-noche-del-asesino-serial-en-pulquecinema\/"},"author":{"name":"Diario Macabro","@id":"https:\/\/staging.macabro.mx\/#\/schema\/person\/cb1d7e57b8371a3558481dab1425691d"},"headline":"#AgendaMacabra: D\u00eda 8. Sangre para la carne, Jairo Pinilla y la noche del asesino serial en Pulquecinema","datePublished":"2019-08-28T18:52:56+00:00","dateModified":"2019-08-28T18:55:09+00:00","mainEntityOfPage":{"@id":"https:\/\/staging.macabro.mx\/agendamacabro-dia-8-sangre-para-la-carne-jairo-pinilla-y-la-noche-del-asesino-serial-en-pulquecinema\/"},"wordCount":497,"commentCount":0,"publisher":{"@id":"https:\/\/staging.macabro.mx\/#organization"},"image":{"@id":"https:\/\/staging.macabro.mx\/agendamacabro-dia-8-sangre-para-la-carne-jairo-pinilla-y-la-noche-del-asesino-serial-en-pulquecinema\/#primaryimage"},"thumbnailUrl":"https:\/\/staging.macabro.mx\/wp-content\/uploads\/2019\/08\/pulquecinema.jpg","keywords":["Asesinos seriales","cine de terror","cine mexicano","Cine mexicano de terror","El profeta Mimi","Horror Film Festivals","Horror Films","Jairo Pinilla","Macabro FICH","Macabro Film Festival","Macabro XVIII","muy interesante","nota roja"],"articleSection":["Diario Macabro"],"inLanguage":"en-US","potentialAction":[{"@type":"CommentAction","name":"Comment","target":["https:\/\/staging.macabro.mx\/agendamacabro-dia-8-sangre-para-la-carne-jairo-pinilla-y-la-noche-del-asesino-serial-en-pulquecinema\/#respond"]}]},{"@type":"WebPage","@id":"https:\/\/staging.macabro.mx\/agendamacabro-dia-8-sangre-para-la-carne-jairo-pinilla-y-la-noche-del-asesino-serial-en-pulquecinema\/","url":"https:\/\/staging.macabro.mx\/agendamacabro-dia-8-sangre-para-la-carne-jairo-pinilla-y-la-noche-del-asesino-serial-en-pulquecinema\/","name":"#AgendaMacabra: D\u00eda 8. Sangre para la carne, Jairo Pinilla y la noche del asesino serial en Pulquecinema | Macabro","isPartOf":{"@id":"https:\/\/staging.macabro.mx\/#website"},"primaryImageOfPage":{"@id":"https:\/\/staging.macabro.mx\/agendamacabro-dia-8-sangre-para-la-carne-jairo-pinilla-y-la-noche-del-asesino-serial-en-pulquecinema\/#primaryimage"},"image":{"@id":"https:\/\/staging.macabro.mx\/agendamacabro-dia-8-sangre-para-la-carne-jairo-pinilla-y-la-noche-del-asesino-serial-en-pulquecinema\/#primaryimage"},"thumbnailUrl":"https:\/\/staging.macabro.mx\/wp-content\/uploads\/2019\/08\/pulquecinema.jpg","datePublished":"2019-08-28T18:52:56+00:00","dateModified":"2019-08-28T18:55:09+00:00","breadcrumb":{"@id":"https:\/\/staging.macabro.mx\/agendamacabro-dia-8-sangre-para-la-carne-jairo-pinilla-y-la-noche-del-asesino-serial-en-pulquecinema\/#breadcrumb"},"inLanguage":"en-US","potentialAction":[{"@type":"ReadAction","target":["https:\/\/staging.macabro.mx\/agendamacabro-dia-8-sangre-para-la-carne-jairo-pinilla-y-la-noche-del-asesino-serial-en-pulquecinema\/"]}]},{"@type":"ImageObject","inLanguage":"en-US","@id":"https:\/\/staging.macabro.mx\/agendamacabro-dia-8-sangre-para-la-carne-jairo-pinilla-y-la-noche-del-asesino-serial-en-pulquecinema\/#primaryimage","url":"https:\/\/staging.macabro.mx\/wp-content\/uploads\/2019\/08\/pulquecinema.jpg","contentUrl":"https:\/\/staging.macabro.mx\/wp-content\/uploads\/2019\/08\/pulquecinema.jpg","width":1080,"height":1080},{"@type":"BreadcrumbList","@id":"https:\/\/staging.macabro.mx\/agendamacabro-dia-8-sangre-para-la-carne-jairo-pinilla-y-la-noche-del-asesino-serial-en-pulquecinema\/#breadcrumb","itemListElement":[{"@type":"ListItem","position":1,"name":"Home","item":"https:\/\/staging.macabro.mx\/"},{"@type":"ListItem","position":2,"name":"Diario Macabro","item":"https:\/\/staging.macabro.mx\/category\/diario-macabro\/"},{"@type":"ListItem","position":3,"name":"#AgendaMacabra: D\u00eda 8. Sangre para la carne, Jairo Pinilla y la noche del asesino serial en Pulquecinema"}]},{"@type":"WebSite","@id":"https:\/\/staging.macabro.mx\/#website","url":"https:\/\/staging.macabro.mx\/","name":"Macabro","description":"Festival Internacional de Cine de Horror","publisher":{"@id":"https:\/\/staging.macabro.mx\/#organization"},"potentialAction":[{"@type":"SearchAction","target":{"@type":"EntryPoint","urlTemplate":"https:\/\/staging.macabro.mx\/?s={search_term_string}"},"query-input":{"@type":"PropertyValueSpecification","valueRequired":true,"valueName":"search_term_string"}}],"inLanguage":"en-US"},{"@type":"Organization","@id":"https:\/\/staging.macabro.mx\/#organization","name":"Macabro Film Festival 2025","url":"https:\/\/staging.macabro.mx\/","logo":{"@type":"ImageObject","inLanguage":"en-US","@id":"https:\/\/staging.macabro.mx\/#\/schema\/logo\/image\/","url":"https:\/\/staging.macabro.mx\/wp-content\/uploads\/2020\/11\/logo-macabro.png","contentUrl":"https:\/\/staging.macabro.mx\/wp-content\/uploads\/2020\/11\/logo-macabro.png","width":870,"height":336,"caption":"Macabro Film Festival 2025"},"image":{"@id":"https:\/\/staging.macabro.mx\/#\/schema\/logo\/image\/"},"sameAs":["https:\/\/www.facebook.com\/MacabroFICH","https:\/\/x.com\/MacabroFICH","https:\/\/www.instagram.com\/macabrofich\/","https:\/\/www.youtube.com\/user\/macabrofest"]},{"@type":"Person","@id":"https:\/\/staging.macabro.mx\/#\/schema\/person\/cb1d7e57b8371a3558481dab1425691d","name":"Diario Macabro","image":{"@type":"ImageObject","inLanguage":"en-US","@id":"https:\/\/secure.gravatar.com\/avatar\/c503ddb7b9ab82ba0cd034365e426a9406aee5285d5579fbb648e22029e78d98?s=96&d=mm&r=g","url":"https:\/\/secure.gravatar.com\/avatar\/c503ddb7b9ab82ba0cd034365e426a9406aee5285d5579fbb648e22029e78d98?s=96&d=mm&r=g","contentUrl":"https:\/\/secure.gravatar.com\/avatar\/c503ddb7b9ab82ba0cd034365e426a9406aee5285d5579fbb648e22029e78d98?s=96&d=mm&r=g","caption":"Diario Macabro"},"url":"https:\/\/staging.macabro.mx\/en\/author\/diario-macabro\/"}]}},"_links":{"self":[{"href":"https:\/\/staging.macabro.mx\/en\/wp-json\/wp\/v2\/posts\/3516","targetHints":{"allow":["GET"]}}],"collection":[{"href":"https:\/\/staging.macabro.mx\/en\/wp-json\/wp\/v2\/posts"}],"about":[{"href":"https:\/\/staging.macabro.mx\/en\/wp-json\/wp\/v2\/types\/post"}],"author":[{"embeddable":true,"href":"https:\/\/staging.macabro.mx\/en\/wp-json\/wp\/v2\/users\/2"}],"replies":[{"embeddable":true,"href":"https:\/\/staging.macabro.mx\/en\/wp-json\/wp\/v2\/comments?post=3516"}],"version-history":[{"count":5,"href":"https:\/\/staging.macabro.mx\/en\/wp-json\/wp\/v2\/posts\/3516\/revisions"}],"predecessor-version":[{"id":3523,"href":"https:\/\/staging.macabro.mx\/en\/wp-json\/wp\/v2\/posts\/3516\/revisions\/3523"}],"wp:featuredmedia":[{"embeddable":true,"href":"https:\/\/staging.macabro.mx\/en\/wp-json\/wp\/v2\/media\/3519"}],"wp:attachment":[{"href":"https:\/\/staging.macabro.mx\/en\/wp-json\/wp\/v2\/media?parent=3516"}],"wp:term":[{"taxonomy":"category","embeddable":true,"href":"https:\/\/staging.macabro.mx\/en\/wp-json\/wp\/v2\/categories?post=3516"},{"taxonomy":"post_tag","embeddable":true,"href":"https:\/\/staging.macabro.mx\/en\/wp-json\/wp\/v2\/tags?post=3516"},{"taxonomy":"festival_year","embeddable":true,"href":"https:\/\/staging.macabro.mx\/en\/wp-json\/wp\/v2\/festival_year?post=3516"}],"curies":[{"name":"wp","href":"https:\/\/api.w.org\/{rel}","templated":true}]}}