{"id":3418,"date":"2019-08-16T22:43:18","date_gmt":"2019-08-17T03:43:18","guid":{"rendered":"https:\/\/staging.macabro.mx\/?p=3418"},"modified":"2019-08-16T22:46:47","modified_gmt":"2019-08-17T03:46:47","slug":"macabroxviii-la-noche-de-el-vampiro-maraton-en-sala-julian-carrillo","status":"publish","type":"post","link":"https:\/\/staging.macabro.mx\/en\/macabroxviii-la-noche-de-el-vampiro-maraton-en-sala-julian-carrillo\/","title":{"rendered":"#MacabroXVIII: La noche de El Vampiro marat\u00f3n en Sala Juli\u00e1n Carrillo"},"content":{"rendered":"<p><strong>LA NOCHE DEL VAMPIRO<\/strong><\/p>\n<p><strong><span style=\"color: #800000;\">Marat\u00f3n vamp\u00edrico en la Sala Juli\u00e1n Carrillo de Radio UNAM, de las 9 de la noche hasta las 6 de la ma\u00f1ana. Lectura del texto antes de la proyecci\u00f3n,\u00a0 Caf\u00e9 de cortes\u00eda (lleva tu taza o tu termo). Por seguridad no se permite la salida de la sala despu\u00e9s de las 12 de la noche, sino hasta terminar el marat\u00f3n.<\/span><\/strong><\/p>\n<p><strong><span style=\"color: #800000;\">Entrada Gratuita.<\/span><\/strong><\/p>\n<p><strong>A 200 a\u00f1os de \u201cEl Vampiro de John William Polidori\u201d<\/strong><\/p>\n<p><strong>Casandra Vicario<\/strong><\/p>\n<p>Antes de terminar con su vida tras beber \u00e1cido pr\u00fasico, a los 26 a\u00f1os de edad, <strong><em>John William Polidori<\/em><\/strong>, nos dejar\u00eda una de las mejores herencias\u2026 el texto conocido como <em>\u201cEl Vampiro\u201d<\/em>, publicado por primera vez en 1819, tras la famosa noche en Villa Diodati de 1816, en la que luego de la lectura de un libro de historias de misterio y terror, un poeta lanza el reto de escribir una historia de miedo.<\/p>\n<p>No podemos concebir el mito del vampiro en las bellas artes, sin el texto de <strong><em>Polidori,<\/em><\/strong> ese vampiro, cuyas caracter\u00edsticas descubrimos poco a poco a lo largo del relato: atractivo, de semblante p\u00e1lido, popular, admirado, con irresistibles poderes de seducci\u00f3n pero fr\u00edo al mismo tiempo, seguido por las mujeres, con gran fuerza f\u00edsica y dotado adem\u00e1s, de astucia e inteligencia\u2026 sin duda una bestia dif\u00edcil de vencer.<\/p>\n<p>Este a\u00f1o, se cumplen 200 a\u00f1os de <em>\u201cEl Vampiro\u201d<\/em>. Bienvenidos\u2026<\/p>\n<p><img loading=\"lazy\" decoding=\"async\" class=\"alignnone wp-image-3170 aligncenter\" src=\"https:\/\/staging.macabro.mx\/wp-content\/uploads\/2019\/03\/Vampiros-2.jpg\" alt=\"\" width=\"365\" height=\"604\" srcset=\"https:\/\/staging.macabro.mx\/wp-content\/uploads\/2019\/03\/Vampiros-2.jpg 673w, https:\/\/staging.macabro.mx\/wp-content\/uploads\/2019\/03\/Vampiros-2-250x413.jpg 250w, https:\/\/staging.macabro.mx\/wp-content\/uploads\/2019\/03\/Vampiros-2-120x198.jpg 120w\" sizes=\"auto, (max-width: 365px) 100vw, 365px\" \/><\/p>\n<p><strong>Mark of the Vampire <\/strong><\/p>\n<p>Direcci\u00f3n: Tod Browning |Guion: Guy Endore,\u00a0Bernard Schubert |Estados Unidos | 58 min | 1935<\/p>\n<p>Sinopsis: Un inspector de polic\u00eda investiga una serie de extra\u00f1as muertes en una poblaci\u00f3n checa. Las v\u00edctimas presentan en el cuello peque\u00f1as marcas que hacen sospechar que lo que est\u00e1 pasando es obra de vampiros&#8230;<\/p>\n<p><strong>The Fearless Vampire Killers or: Pardon Me, But Your Teeth Are in My Neck<\/strong><\/p>\n<p>Direcci\u00f3n: Roman Polanski |Guion: G\u00e9rard Brach,\u00a0Roman Polanski |Reino Unido |111 min | 1967<\/p>\n<p>Sinopsis. El doctor Abronsius y su ayudante Alfred, viajan por Transilvania para confirmar una teor\u00eda que afirma la existencia real de los vampiros y que tropieza con el escepticismo de sus colegas de la Universidad de K\u00f6nisberg. Se detienen en una posada, cuyas paredes y ventanas est\u00e1n cubiertas de ristras de ajos, pero tanto los parroquianos como el posadero afirman que no existe ning\u00fan castillo por los alrededores y justifican la presencia de los ajos como un motivo ornamental t\u00edpico de la regi\u00f3n. El rapto de la hija del posadero y la vampirizaci\u00f3n de \u00e9ste proporcionan a los protagonistas pistas suficientes para llegar al castillo.<\/p>\n<p><img loading=\"lazy\" decoding=\"async\" class=\"alignnone wp-image-3328 aligncenter\" src=\"https:\/\/staging.macabro.mx\/wp-content\/uploads\/2019\/07\/La-danza-de-los-vampiros-2-700x469.jpg\" alt=\"\" width=\"467\" height=\"313\" srcset=\"https:\/\/staging.macabro.mx\/wp-content\/uploads\/2019\/07\/La-danza-de-los-vampiros-2.jpg 700w, https:\/\/staging.macabro.mx\/wp-content\/uploads\/2019\/07\/La-danza-de-los-vampiros-2-250x168.jpg 250w, https:\/\/staging.macabro.mx\/wp-content\/uploads\/2019\/07\/La-danza-de-los-vampiros-2-120x80.jpg 120w\" sizes=\"auto, (max-width: 467px) 100vw, 467px\" \/><\/p>\n<p><strong>The Vampire Lovers<\/strong><\/p>\n<p>Direcci\u00f3n: Roy Ward Baker |Guion: Harry Fine (Historia: Sheridan Le Fanu) |Reino Unido | 91 min | 1970<\/p>\n<p>Finch,Douglas Wilmer,\u00a0Ferdy Mayne,\u00a0Pippa Steel,\u00a0Dawn Addams,\u00a0Janet Key<\/p>\n<p>Sinopsis: Un joven caballero acude al castillo de los Karnstein para vengar la muerte de su hermana, muerta por los vampiros. All\u00ed, tras apoderarse del sudario de uno de los vampiros, lo atrae hacia s\u00ed. Pero el terror lo paraliza, y s\u00f3lo lo salva la cruz que pende de su cuello. Y entonces, decapita a una vampira\u2026<\/p>\n<p><strong>The Hunger<\/strong><\/p>\n<p>Direcci\u00f3n: Tony Scott |Guion: Ivan Davis,\u00a0Michael Thomas (Novela: Whitley Strieber)<\/p>\n<p>Estados Unidos |94 min | 1983<\/p>\n<p>Sinopsis: Miriam Blaylock colecciona no s\u00f3lo arte del renacimiento y colgantes del antiguo Egipto sino, sobre todo, amantes y almas. Moderna y elegante, Miriam es una vampira intemporal residente en Manhattan, una mujer bendecida con la belleza y maldecida con su sed de sangre<\/p>\n<p><img loading=\"lazy\" decoding=\"async\" class=\"alignnone wp-image-3419 aligncenter\" src=\"https:\/\/staging.macabro.mx\/wp-content\/uploads\/2019\/08\/the-Hunger-700x1101.jpg\" alt=\"\" width=\"320\" height=\"503\" srcset=\"https:\/\/staging.macabro.mx\/wp-content\/uploads\/2019\/08\/the-Hunger-700x1101.jpg 700w, https:\/\/staging.macabro.mx\/wp-content\/uploads\/2019\/08\/the-Hunger-250x393.jpg 250w, https:\/\/staging.macabro.mx\/wp-content\/uploads\/2019\/08\/the-Hunger-768x1208.jpg 768w, https:\/\/staging.macabro.mx\/wp-content\/uploads\/2019\/08\/the-Hunger-120x189.jpg 120w, https:\/\/staging.macabro.mx\/wp-content\/uploads\/2019\/08\/the-Hunger.jpg 940w\" sizes=\"auto, (max-width: 320px) 100vw, 320px\" \/><\/p>\n<p><strong>Interview with the Vampire: The Vampire Chronicles<\/strong><\/p>\n<p>Direcci\u00f3n: Neil Jordan |Guion: Anne Rice (basado en su novela) | Estados Unidos | 122 min | 1994<\/p>\n<p>Sinopsis: Cuando lo desea, el vampiro Lestat convierte a sus v\u00edctimas en vampiros, concedi\u00e9ndoles as\u00ed el don de la inmortalidad. A finales del siglo XVIII, Lestat convierte en vampiro a Louis de Pointe, un hombre desolado por la p\u00e9rdida de su esposa y de su peque\u00f1a hija. Doscientos a\u00f1os m\u00e1s tarde, a finales del siglo XX, en San Francisco, Louis decide contar su historia, la historia de amor, terror y \u00e9xtasis de un vampiro, a un joven reportero, Daniel Malloy.<\/p>","protected":false},"excerpt":{"rendered":"LA NOCHE DEL VAMPIRO Marat\u00f3n vamp\u00edrico en la Sala Juli\u00e1n Carrillo de Radio UNAM, de las 9 de la noche hasta las 6 de la ma\u00f1ana. Lectura del texto antes de la proyecci\u00f3n,\u00a0 Caf\u00e9 de cortes\u00eda (lleva tu taza o tu termo). Por seguridad no se permite la salida de la sala despu\u00e9s de las","protected":false},"author":2,"featured_media":3419,"comment_status":"open","ping_status":"open","sticky":false,"template":"","format":"standard","meta":{"_acf_changed":false,"footnotes":""},"categories":[2],"tags":[1189,128,78,1224,57,1225,459],"festival_year":[],"class_list":["post-3418","post","type-post","status-publish","format-standard","has-post-thumbnail","hentry","category-diario-macabro","tag-macabroxviii","tag-cine-de-horror","tag-david-bowie","tag-el-ansia","tag-macabrofich","tag-maraton-nocturno","tag-vampiros"],"acf":[],"yoast_head":"<!-- This site is optimized with the Yoast SEO plugin v27.2 - https:\/\/yoast.com\/product\/yoast-seo-wordpress\/ -->\n<title>#MacabroXVIII: La noche de El Vampiro marat\u00f3n en Sala Juli\u00e1n Carrillo | Macabro<\/title>\n<meta name=\"robots\" content=\"index, follow, max-snippet:-1, max-image-preview:large, max-video-preview:-1\" \/>\n<link rel=\"canonical\" href=\"https:\/\/staging.macabro.mx\/en\/macabroxviii-la-noche-de-el-vampiro-maraton-en-sala-julian-carrillo\/\" \/>\n<meta property=\"og:locale\" content=\"en_US\" \/>\n<meta property=\"og:type\" content=\"article\" \/>\n<meta property=\"og:title\" content=\"#MacabroXVIII: La noche de El Vampiro marat\u00f3n en Sala Juli\u00e1n Carrillo | Macabro\" \/>\n<meta property=\"og:description\" content=\"LA NOCHE DEL VAMPIRO Marat\u00f3n vamp\u00edrico en la Sala Juli\u00e1n Carrillo de Radio UNAM, de las 9 de la noche hasta las 6 de la ma\u00f1ana. Lectura del texto antes de la proyecci\u00f3n,\u00a0 Caf\u00e9 de cortes\u00eda (lleva tu taza o tu termo). Por seguridad no se permite la salida de la sala despu\u00e9s de las\" \/>\n<meta property=\"og:url\" content=\"https:\/\/staging.macabro.mx\/en\/macabroxviii-la-noche-de-el-vampiro-maraton-en-sala-julian-carrillo\/\" \/>\n<meta property=\"og:site_name\" content=\"Macabro\" \/>\n<meta property=\"article:publisher\" content=\"https:\/\/www.facebook.com\/MacabroFICH\" \/>\n<meta property=\"article:published_time\" content=\"2019-08-17T03:43:18+00:00\" \/>\n<meta property=\"article:modified_time\" content=\"2019-08-17T03:46:47+00:00\" \/>\n<meta property=\"og:image\" content=\"https:\/\/staging.macabro.mx\/wp-content\/uploads\/2019\/08\/the-Hunger.jpg\" \/>\n\t<meta property=\"og:image:width\" content=\"940\" \/>\n\t<meta property=\"og:image:height\" content=\"1478\" \/>\n\t<meta property=\"og:image:type\" content=\"image\/jpeg\" \/>\n<meta name=\"author\" content=\"Diario Macabro\" \/>\n<meta name=\"twitter:card\" content=\"summary_large_image\" \/>\n<meta name=\"twitter:creator\" content=\"@MacabroFICH\" \/>\n<meta name=\"twitter:site\" content=\"@MacabroFICH\" \/>\n<meta name=\"twitter:label1\" content=\"Written by\" \/>\n\t<meta name=\"twitter:data1\" content=\"Diario Macabro\" \/>\n\t<meta name=\"twitter:label2\" content=\"Est. reading time\" \/>\n\t<meta name=\"twitter:data2\" content=\"3 minutes\" \/>\n<script type=\"application\/ld+json\" class=\"yoast-schema-graph\">{\"@context\":\"https:\/\/schema.org\",\"@graph\":[{\"@type\":\"Article\",\"@id\":\"https:\/\/staging.macabro.mx\/macabroxviii-la-noche-de-el-vampiro-maraton-en-sala-julian-carrillo\/#article\",\"isPartOf\":{\"@id\":\"https:\/\/staging.macabro.mx\/macabroxviii-la-noche-de-el-vampiro-maraton-en-sala-julian-carrillo\/\"},\"author\":{\"name\":\"Diario Macabro\",\"@id\":\"https:\/\/staging.macabro.mx\/#\/schema\/person\/cb1d7e57b8371a3558481dab1425691d\"},\"headline\":\"#MacabroXVIII: La noche de El Vampiro marat\u00f3n en Sala Juli\u00e1n Carrillo\",\"datePublished\":\"2019-08-17T03:43:18+00:00\",\"dateModified\":\"2019-08-17T03:46:47+00:00\",\"mainEntityOfPage\":{\"@id\":\"https:\/\/staging.macabro.mx\/macabroxviii-la-noche-de-el-vampiro-maraton-en-sala-julian-carrillo\/\"},\"wordCount\":706,\"commentCount\":0,\"publisher\":{\"@id\":\"https:\/\/staging.macabro.mx\/#organization\"},\"image\":{\"@id\":\"https:\/\/staging.macabro.mx\/macabroxviii-la-noche-de-el-vampiro-maraton-en-sala-julian-carrillo\/#primaryimage\"},\"thumbnailUrl\":\"https:\/\/staging.macabro.mx\/wp-content\/uploads\/2019\/08\/the-Hunger.jpg\",\"keywords\":[\"#MacabroXVIII\",\"Cine de horror\",\"David Bowie\",\"El ansia\",\"MacabroFICH\",\"maraton nocturno\",\"Vampiros\"],\"articleSection\":[\"Diario Macabro\"],\"inLanguage\":\"en-US\",\"potentialAction\":[{\"@type\":\"CommentAction\",\"name\":\"Comment\",\"target\":[\"https:\/\/staging.macabro.mx\/macabroxviii-la-noche-de-el-vampiro-maraton-en-sala-julian-carrillo\/#respond\"]}]},{\"@type\":\"WebPage\",\"@id\":\"https:\/\/staging.macabro.mx\/macabroxviii-la-noche-de-el-vampiro-maraton-en-sala-julian-carrillo\/\",\"url\":\"https:\/\/staging.macabro.mx\/macabroxviii-la-noche-de-el-vampiro-maraton-en-sala-julian-carrillo\/\",\"name\":\"#MacabroXVIII: La noche de El Vampiro marat\u00f3n en Sala Juli\u00e1n Carrillo | Macabro\",\"isPartOf\":{\"@id\":\"https:\/\/staging.macabro.mx\/#website\"},\"primaryImageOfPage\":{\"@id\":\"https:\/\/staging.macabro.mx\/macabroxviii-la-noche-de-el-vampiro-maraton-en-sala-julian-carrillo\/#primaryimage\"},\"image\":{\"@id\":\"https:\/\/staging.macabro.mx\/macabroxviii-la-noche-de-el-vampiro-maraton-en-sala-julian-carrillo\/#primaryimage\"},\"thumbnailUrl\":\"https:\/\/staging.macabro.mx\/wp-content\/uploads\/2019\/08\/the-Hunger.jpg\",\"datePublished\":\"2019-08-17T03:43:18+00:00\",\"dateModified\":\"2019-08-17T03:46:47+00:00\",\"breadcrumb\":{\"@id\":\"https:\/\/staging.macabro.mx\/macabroxviii-la-noche-de-el-vampiro-maraton-en-sala-julian-carrillo\/#breadcrumb\"},\"inLanguage\":\"en-US\",\"potentialAction\":[{\"@type\":\"ReadAction\",\"target\":[\"https:\/\/staging.macabro.mx\/macabroxviii-la-noche-de-el-vampiro-maraton-en-sala-julian-carrillo\/\"]}]},{\"@type\":\"ImageObject\",\"inLanguage\":\"en-US\",\"@id\":\"https:\/\/staging.macabro.mx\/macabroxviii-la-noche-de-el-vampiro-maraton-en-sala-julian-carrillo\/#primaryimage\",\"url\":\"https:\/\/staging.macabro.mx\/wp-content\/uploads\/2019\/08\/the-Hunger.jpg\",\"contentUrl\":\"https:\/\/staging.macabro.mx\/wp-content\/uploads\/2019\/08\/the-Hunger.jpg\",\"width\":940,\"height\":1478},{\"@type\":\"BreadcrumbList\",\"@id\":\"https:\/\/staging.macabro.mx\/macabroxviii-la-noche-de-el-vampiro-maraton-en-sala-julian-carrillo\/#breadcrumb\",\"itemListElement\":[{\"@type\":\"ListItem\",\"position\":1,\"name\":\"Home\",\"item\":\"https:\/\/staging.macabro.mx\/\"},{\"@type\":\"ListItem\",\"position\":2,\"name\":\"Diario Macabro\",\"item\":\"https:\/\/staging.macabro.mx\/category\/diario-macabro\/\"},{\"@type\":\"ListItem\",\"position\":3,\"name\":\"#MacabroXVIII: La noche de El Vampiro marat\u00f3n en Sala Juli\u00e1n Carrillo\"}]},{\"@type\":\"WebSite\",\"@id\":\"https:\/\/staging.macabro.mx\/#website\",\"url\":\"https:\/\/staging.macabro.mx\/\",\"name\":\"Macabro\",\"description\":\"Festival Internacional de Cine de Horror\",\"publisher\":{\"@id\":\"https:\/\/staging.macabro.mx\/#organization\"},\"potentialAction\":[{\"@type\":\"SearchAction\",\"target\":{\"@type\":\"EntryPoint\",\"urlTemplate\":\"https:\/\/staging.macabro.mx\/?s={search_term_string}\"},\"query-input\":{\"@type\":\"PropertyValueSpecification\",\"valueRequired\":true,\"valueName\":\"search_term_string\"}}],\"inLanguage\":\"en-US\"},{\"@type\":\"Organization\",\"@id\":\"https:\/\/staging.macabro.mx\/#organization\",\"name\":\"Macabro Film Festival 2025\",\"url\":\"https:\/\/staging.macabro.mx\/\",\"logo\":{\"@type\":\"ImageObject\",\"inLanguage\":\"en-US\",\"@id\":\"https:\/\/staging.macabro.mx\/#\/schema\/logo\/image\/\",\"url\":\"https:\/\/staging.macabro.mx\/wp-content\/uploads\/2020\/11\/logo-macabro.png\",\"contentUrl\":\"https:\/\/staging.macabro.mx\/wp-content\/uploads\/2020\/11\/logo-macabro.png\",\"width\":870,\"height\":336,\"caption\":\"Macabro Film Festival 2025\"},\"image\":{\"@id\":\"https:\/\/staging.macabro.mx\/#\/schema\/logo\/image\/\"},\"sameAs\":[\"https:\/\/www.facebook.com\/MacabroFICH\",\"https:\/\/x.com\/MacabroFICH\",\"https:\/\/www.instagram.com\/macabrofich\/\",\"https:\/\/www.youtube.com\/user\/macabrofest\"]},{\"@type\":\"Person\",\"@id\":\"https:\/\/staging.macabro.mx\/#\/schema\/person\/cb1d7e57b8371a3558481dab1425691d\",\"name\":\"Diario Macabro\",\"image\":{\"@type\":\"ImageObject\",\"inLanguage\":\"en-US\",\"@id\":\"https:\/\/secure.gravatar.com\/avatar\/c503ddb7b9ab82ba0cd034365e426a9406aee5285d5579fbb648e22029e78d98?s=96&d=mm&r=g\",\"url\":\"https:\/\/secure.gravatar.com\/avatar\/c503ddb7b9ab82ba0cd034365e426a9406aee5285d5579fbb648e22029e78d98?s=96&d=mm&r=g\",\"contentUrl\":\"https:\/\/secure.gravatar.com\/avatar\/c503ddb7b9ab82ba0cd034365e426a9406aee5285d5579fbb648e22029e78d98?s=96&d=mm&r=g\",\"caption\":\"Diario Macabro\"},\"url\":\"https:\/\/staging.macabro.mx\/en\/author\/diario-macabro\/\"}]}<\/script>\n<!-- \/ Yoast SEO plugin. -->","yoast_head_json":{"title":"#MacabroXVIII: La noche de El Vampiro marat\u00f3n en Sala Juli\u00e1n Carrillo | Macabro","robots":{"index":"index","follow":"follow","max-snippet":"max-snippet:-1","max-image-preview":"max-image-preview:large","max-video-preview":"max-video-preview:-1"},"canonical":"https:\/\/staging.macabro.mx\/en\/macabroxviii-la-noche-de-el-vampiro-maraton-en-sala-julian-carrillo\/","og_locale":"en_US","og_type":"article","og_title":"#MacabroXVIII: La noche de El Vampiro marat\u00f3n en Sala Juli\u00e1n Carrillo | Macabro","og_description":"LA NOCHE DEL VAMPIRO Marat\u00f3n vamp\u00edrico en la Sala Juli\u00e1n Carrillo de Radio UNAM, de las 9 de la noche hasta las 6 de la ma\u00f1ana. Lectura del texto antes de la proyecci\u00f3n,\u00a0 Caf\u00e9 de cortes\u00eda (lleva tu taza o tu termo). Por seguridad no se permite la salida de la sala despu\u00e9s de las","og_url":"https:\/\/staging.macabro.mx\/en\/macabroxviii-la-noche-de-el-vampiro-maraton-en-sala-julian-carrillo\/","og_site_name":"Macabro","article_publisher":"https:\/\/www.facebook.com\/MacabroFICH","article_published_time":"2019-08-17T03:43:18+00:00","article_modified_time":"2019-08-17T03:46:47+00:00","og_image":[{"width":940,"height":1478,"url":"https:\/\/staging.macabro.mx\/wp-content\/uploads\/2019\/08\/the-Hunger.jpg","type":"image\/jpeg"}],"author":"Diario Macabro","twitter_card":"summary_large_image","twitter_creator":"@MacabroFICH","twitter_site":"@MacabroFICH","twitter_misc":{"Written by":"Diario Macabro","Est. reading time":"3 minutes"},"schema":{"@context":"https:\/\/schema.org","@graph":[{"@type":"Article","@id":"https:\/\/staging.macabro.mx\/macabroxviii-la-noche-de-el-vampiro-maraton-en-sala-julian-carrillo\/#article","isPartOf":{"@id":"https:\/\/staging.macabro.mx\/macabroxviii-la-noche-de-el-vampiro-maraton-en-sala-julian-carrillo\/"},"author":{"name":"Diario Macabro","@id":"https:\/\/staging.macabro.mx\/#\/schema\/person\/cb1d7e57b8371a3558481dab1425691d"},"headline":"#MacabroXVIII: La noche de El Vampiro marat\u00f3n en Sala Juli\u00e1n Carrillo","datePublished":"2019-08-17T03:43:18+00:00","dateModified":"2019-08-17T03:46:47+00:00","mainEntityOfPage":{"@id":"https:\/\/staging.macabro.mx\/macabroxviii-la-noche-de-el-vampiro-maraton-en-sala-julian-carrillo\/"},"wordCount":706,"commentCount":0,"publisher":{"@id":"https:\/\/staging.macabro.mx\/#organization"},"image":{"@id":"https:\/\/staging.macabro.mx\/macabroxviii-la-noche-de-el-vampiro-maraton-en-sala-julian-carrillo\/#primaryimage"},"thumbnailUrl":"https:\/\/staging.macabro.mx\/wp-content\/uploads\/2019\/08\/the-Hunger.jpg","keywords":["#MacabroXVIII","Cine de horror","David Bowie","El ansia","MacabroFICH","maraton nocturno","Vampiros"],"articleSection":["Diario Macabro"],"inLanguage":"en-US","potentialAction":[{"@type":"CommentAction","name":"Comment","target":["https:\/\/staging.macabro.mx\/macabroxviii-la-noche-de-el-vampiro-maraton-en-sala-julian-carrillo\/#respond"]}]},{"@type":"WebPage","@id":"https:\/\/staging.macabro.mx\/macabroxviii-la-noche-de-el-vampiro-maraton-en-sala-julian-carrillo\/","url":"https:\/\/staging.macabro.mx\/macabroxviii-la-noche-de-el-vampiro-maraton-en-sala-julian-carrillo\/","name":"#MacabroXVIII: La noche de El Vampiro marat\u00f3n en Sala Juli\u00e1n Carrillo | Macabro","isPartOf":{"@id":"https:\/\/staging.macabro.mx\/#website"},"primaryImageOfPage":{"@id":"https:\/\/staging.macabro.mx\/macabroxviii-la-noche-de-el-vampiro-maraton-en-sala-julian-carrillo\/#primaryimage"},"image":{"@id":"https:\/\/staging.macabro.mx\/macabroxviii-la-noche-de-el-vampiro-maraton-en-sala-julian-carrillo\/#primaryimage"},"thumbnailUrl":"https:\/\/staging.macabro.mx\/wp-content\/uploads\/2019\/08\/the-Hunger.jpg","datePublished":"2019-08-17T03:43:18+00:00","dateModified":"2019-08-17T03:46:47+00:00","breadcrumb":{"@id":"https:\/\/staging.macabro.mx\/macabroxviii-la-noche-de-el-vampiro-maraton-en-sala-julian-carrillo\/#breadcrumb"},"inLanguage":"en-US","potentialAction":[{"@type":"ReadAction","target":["https:\/\/staging.macabro.mx\/macabroxviii-la-noche-de-el-vampiro-maraton-en-sala-julian-carrillo\/"]}]},{"@type":"ImageObject","inLanguage":"en-US","@id":"https:\/\/staging.macabro.mx\/macabroxviii-la-noche-de-el-vampiro-maraton-en-sala-julian-carrillo\/#primaryimage","url":"https:\/\/staging.macabro.mx\/wp-content\/uploads\/2019\/08\/the-Hunger.jpg","contentUrl":"https:\/\/staging.macabro.mx\/wp-content\/uploads\/2019\/08\/the-Hunger.jpg","width":940,"height":1478},{"@type":"BreadcrumbList","@id":"https:\/\/staging.macabro.mx\/macabroxviii-la-noche-de-el-vampiro-maraton-en-sala-julian-carrillo\/#breadcrumb","itemListElement":[{"@type":"ListItem","position":1,"name":"Home","item":"https:\/\/staging.macabro.mx\/"},{"@type":"ListItem","position":2,"name":"Diario Macabro","item":"https:\/\/staging.macabro.mx\/category\/diario-macabro\/"},{"@type":"ListItem","position":3,"name":"#MacabroXVIII: La noche de El Vampiro marat\u00f3n en Sala Juli\u00e1n Carrillo"}]},{"@type":"WebSite","@id":"https:\/\/staging.macabro.mx\/#website","url":"https:\/\/staging.macabro.mx\/","name":"Macabro","description":"Festival Internacional de Cine de Horror","publisher":{"@id":"https:\/\/staging.macabro.mx\/#organization"},"potentialAction":[{"@type":"SearchAction","target":{"@type":"EntryPoint","urlTemplate":"https:\/\/staging.macabro.mx\/?s={search_term_string}"},"query-input":{"@type":"PropertyValueSpecification","valueRequired":true,"valueName":"search_term_string"}}],"inLanguage":"en-US"},{"@type":"Organization","@id":"https:\/\/staging.macabro.mx\/#organization","name":"Macabro Film Festival 2025","url":"https:\/\/staging.macabro.mx\/","logo":{"@type":"ImageObject","inLanguage":"en-US","@id":"https:\/\/staging.macabro.mx\/#\/schema\/logo\/image\/","url":"https:\/\/staging.macabro.mx\/wp-content\/uploads\/2020\/11\/logo-macabro.png","contentUrl":"https:\/\/staging.macabro.mx\/wp-content\/uploads\/2020\/11\/logo-macabro.png","width":870,"height":336,"caption":"Macabro Film Festival 2025"},"image":{"@id":"https:\/\/staging.macabro.mx\/#\/schema\/logo\/image\/"},"sameAs":["https:\/\/www.facebook.com\/MacabroFICH","https:\/\/x.com\/MacabroFICH","https:\/\/www.instagram.com\/macabrofich\/","https:\/\/www.youtube.com\/user\/macabrofest"]},{"@type":"Person","@id":"https:\/\/staging.macabro.mx\/#\/schema\/person\/cb1d7e57b8371a3558481dab1425691d","name":"Diario Macabro","image":{"@type":"ImageObject","inLanguage":"en-US","@id":"https:\/\/secure.gravatar.com\/avatar\/c503ddb7b9ab82ba0cd034365e426a9406aee5285d5579fbb648e22029e78d98?s=96&d=mm&r=g","url":"https:\/\/secure.gravatar.com\/avatar\/c503ddb7b9ab82ba0cd034365e426a9406aee5285d5579fbb648e22029e78d98?s=96&d=mm&r=g","contentUrl":"https:\/\/secure.gravatar.com\/avatar\/c503ddb7b9ab82ba0cd034365e426a9406aee5285d5579fbb648e22029e78d98?s=96&d=mm&r=g","caption":"Diario Macabro"},"url":"https:\/\/staging.macabro.mx\/en\/author\/diario-macabro\/"}]}},"_links":{"self":[{"href":"https:\/\/staging.macabro.mx\/en\/wp-json\/wp\/v2\/posts\/3418","targetHints":{"allow":["GET"]}}],"collection":[{"href":"https:\/\/staging.macabro.mx\/en\/wp-json\/wp\/v2\/posts"}],"about":[{"href":"https:\/\/staging.macabro.mx\/en\/wp-json\/wp\/v2\/types\/post"}],"author":[{"embeddable":true,"href":"https:\/\/staging.macabro.mx\/en\/wp-json\/wp\/v2\/users\/2"}],"replies":[{"embeddable":true,"href":"https:\/\/staging.macabro.mx\/en\/wp-json\/wp\/v2\/comments?post=3418"}],"version-history":[{"count":4,"href":"https:\/\/staging.macabro.mx\/en\/wp-json\/wp\/v2\/posts\/3418\/revisions"}],"predecessor-version":[{"id":3423,"href":"https:\/\/staging.macabro.mx\/en\/wp-json\/wp\/v2\/posts\/3418\/revisions\/3423"}],"wp:featuredmedia":[{"embeddable":true,"href":"https:\/\/staging.macabro.mx\/en\/wp-json\/wp\/v2\/media\/3419"}],"wp:attachment":[{"href":"https:\/\/staging.macabro.mx\/en\/wp-json\/wp\/v2\/media?parent=3418"}],"wp:term":[{"taxonomy":"category","embeddable":true,"href":"https:\/\/staging.macabro.mx\/en\/wp-json\/wp\/v2\/categories?post=3418"},{"taxonomy":"post_tag","embeddable":true,"href":"https:\/\/staging.macabro.mx\/en\/wp-json\/wp\/v2\/tags?post=3418"},{"taxonomy":"festival_year","embeddable":true,"href":"https:\/\/staging.macabro.mx\/en\/wp-json\/wp\/v2\/festival_year?post=3418"}],"curies":[{"name":"wp","href":"https:\/\/api.w.org\/{rel}","templated":true}]}}