{"id":3357,"date":"2019-07-23T18:59:18","date_gmt":"2019-07-23T23:59:18","guid":{"rendered":"https:\/\/staging.macabro.mx\/?p=3357"},"modified":"2019-07-23T19:05:17","modified_gmt":"2019-07-24T00:05:17","slug":"macabronocturno-presenta-a-mata-negra","status":"publish","type":"post","link":"https:\/\/staging.macabro.mx\/en\/macabronocturno-presenta-a-mata-negra\/","title":{"rendered":"#MacabroNocturno presenta: A mata negra"},"content":{"rendered":"<p><img loading=\"lazy\" decoding=\"async\" class=\"wp-image-3358 aligncenter\" src=\"https:\/\/staging.macabro.mx\/wp-content\/uploads\/2019\/07\/matanegra_3-700x407.jpg\" alt=\"\" width=\"559\" height=\"325\" srcset=\"https:\/\/staging.macabro.mx\/wp-content\/uploads\/2019\/07\/matanegra_3-700x407.jpg 700w, https:\/\/staging.macabro.mx\/wp-content\/uploads\/2019\/07\/matanegra_3-250x146.jpg 250w, https:\/\/staging.macabro.mx\/wp-content\/uploads\/2019\/07\/matanegra_3-768x447.jpg 768w, https:\/\/staging.macabro.mx\/wp-content\/uploads\/2019\/07\/matanegra_3-120x70.jpg 120w, https:\/\/staging.macabro.mx\/wp-content\/uploads\/2019\/07\/matanegra_3.jpg 1237w\" sizes=\"auto, (max-width: 559px) 100vw, 559px\" \/><\/p>\n<p>Este mes, Macabro Nocturno calienta motores para la muy cercana edici\u00f3n 2019 del festival y es por ello que les traemos a la ganadora de Mejor Largometraje Iberoamericano en la pasada edici\u00f3n, una fantas\u00eda oscura de la mente del director y gran maestro de los efectos especiales, Rodrigo Arag\u00e3o.<\/p>\n<p><strong><em>\u00a0<\/em><\/strong><strong><em>A mata negra<\/em><\/strong><\/p>\n<p>Direcci\u00f3n: Rodrigo Arag\u00e3o| Guion: Rodrigo Arag\u00e3o, Alexandre Callari. |2018 &#8211; Brasil &#8211; 98 min<\/p>\n<p>Sinopsis.- En un bosque en lo profundo de Brasil, una chica ve su vida -y la de todos a su alrededor- cambiar cuando llega a sus manos el Libro Perdido de Cipriano, cuya magia negra, adem\u00e1s de otorgar poder y riqueza a su poseedor, es capaz de liberar un terrible mal sobre la Tierra.<\/p>\n<p><iframe loading=\"lazy\" width=\"900\" height=\"506\" src=\"https:\/\/www.youtube.com\/embed\/4wSrV1orTx0?feature=oembed\" frameborder=\"0\" allow=\"accelerometer; autoplay; encrypted-media; gyroscope; picture-in-picture\" allowfullscreen><\/iframe><\/p>\n<p><span style=\"color: #800000;\">Macabro Nocturno es un proyecto de #MacabroFICH en alianza con La Casa del Cine Mx que presenta en una funci\u00f3n mensual, desde febrero de 2015, parte del acervo f\u00edlmico del festival desde su fundaci\u00f3n en 2002.<\/span><\/p>\n<p><span style=\"color: #800000;\">Boletos en taquilla: $45.00 | S\u00e1bado 27 de julio de 2019 | Funciones 20:00 y 20:45 horas | Casa del Cine: Rep\u00fablica de Uruguay 52, 2\u00ba piso, Centro Hist\u00f3rico M\u00e9xico D.F.| Tel. 55 12 42 43<\/span><\/p>","protected":false},"excerpt":{"rendered":"Este mes, Macabro Nocturno calienta motores para la muy cercana edici\u00f3n 2019 del festival y es por ello que les traemos a la ganadora de Mejor Largometraje Iberoamericano en la pasada edici\u00f3n, una fantas\u00eda oscura de la mente del director y gran maestro de los efectos especiales, Rodrigo Arag\u00e3o. \u00a0A mata negra Direcci\u00f3n: Rodrigo Arag\u00e3o|","protected":false},"author":2,"featured_media":2750,"comment_status":"open","ping_status":"open","sticky":false,"template":"","format":"standard","meta":{"_acf_changed":false,"footnotes":""},"categories":[2],"tags":[1217,26,432,1218,759,481,23,54,31,605],"festival_year":[],"class_list":["post-3357","post","type-post","status-publish","format-standard","has-post-thumbnail","hentry","category-diario-macabro","tag-a-mata-negra","tag-casa-del-cine-mx","tag-centro-historico-cdmx","tag-cine-brasileno","tag-cine-centro-historico","tag-cine-fantastico-latinoamericano","tag-macabro-fich","tag-macabro-film-festival","tag-macabro-nocturno","tag-macabro-xvii"],"acf":[],"yoast_head":"<!-- This site is optimized with the Yoast SEO plugin v27.2 - https:\/\/yoast.com\/product\/yoast-seo-wordpress\/ -->\n<title>#MacabroNocturno presenta: A mata negra | Macabro<\/title>\n<meta name=\"robots\" content=\"index, follow, max-snippet:-1, max-image-preview:large, max-video-preview:-1\" \/>\n<link rel=\"canonical\" href=\"https:\/\/staging.macabro.mx\/en\/macabronocturno-presenta-a-mata-negra\/\" \/>\n<meta property=\"og:locale\" content=\"en_US\" \/>\n<meta property=\"og:type\" content=\"article\" \/>\n<meta property=\"og:title\" content=\"#MacabroNocturno presenta: A mata negra | Macabro\" \/>\n<meta property=\"og:description\" content=\"Este mes, Macabro Nocturno calienta motores para la muy cercana edici\u00f3n 2019 del festival y es por ello que les traemos a la ganadora de Mejor Largometraje Iberoamericano en la pasada edici\u00f3n, una fantas\u00eda oscura de la mente del director y gran maestro de los efectos especiales, Rodrigo Arag\u00e3o. \u00a0A mata negra Direcci\u00f3n: Rodrigo Arag\u00e3o|\" \/>\n<meta property=\"og:url\" content=\"https:\/\/staging.macabro.mx\/en\/macabronocturno-presenta-a-mata-negra\/\" \/>\n<meta property=\"og:site_name\" content=\"Macabro\" \/>\n<meta property=\"article:publisher\" content=\"https:\/\/www.facebook.com\/MacabroFICH\" \/>\n<meta property=\"article:published_time\" content=\"2019-07-23T23:59:18+00:00\" \/>\n<meta property=\"article:modified_time\" content=\"2019-07-24T00:05:17+00:00\" \/>\n<meta property=\"og:image\" content=\"https:\/\/staging.macabro.mx\/wp-content\/uploads\/2018\/08\/05-A-mata-negra.jpg\" \/>\n\t<meta property=\"og:image:width\" content=\"182\" \/>\n\t<meta property=\"og:image:height\" content=\"268\" \/>\n\t<meta property=\"og:image:type\" content=\"image\/jpeg\" \/>\n<meta name=\"author\" content=\"Diario Macabro\" \/>\n<meta name=\"twitter:card\" content=\"summary_large_image\" \/>\n<meta name=\"twitter:creator\" content=\"@MacabroFICH\" \/>\n<meta name=\"twitter:site\" content=\"@MacabroFICH\" \/>\n<meta name=\"twitter:label1\" content=\"Written by\" \/>\n\t<meta name=\"twitter:data1\" content=\"Diario Macabro\" \/>\n\t<meta name=\"twitter:label2\" content=\"Est. reading time\" \/>\n\t<meta name=\"twitter:data2\" content=\"1 minute\" \/>\n<script type=\"application\/ld+json\" class=\"yoast-schema-graph\">{\"@context\":\"https:\/\/schema.org\",\"@graph\":[{\"@type\":\"Article\",\"@id\":\"https:\/\/staging.macabro.mx\/macabronocturno-presenta-a-mata-negra\/#article\",\"isPartOf\":{\"@id\":\"https:\/\/staging.macabro.mx\/macabronocturno-presenta-a-mata-negra\/\"},\"author\":{\"name\":\"Diario Macabro\",\"@id\":\"https:\/\/staging.macabro.mx\/#\/schema\/person\/cb1d7e57b8371a3558481dab1425691d\"},\"headline\":\"#MacabroNocturno presenta: A mata negra\",\"datePublished\":\"2019-07-23T23:59:18+00:00\",\"dateModified\":\"2019-07-24T00:05:17+00:00\",\"mainEntityOfPage\":{\"@id\":\"https:\/\/staging.macabro.mx\/macabronocturno-presenta-a-mata-negra\/\"},\"wordCount\":203,\"commentCount\":0,\"publisher\":{\"@id\":\"https:\/\/staging.macabro.mx\/#organization\"},\"image\":{\"@id\":\"https:\/\/staging.macabro.mx\/macabronocturno-presenta-a-mata-negra\/#primaryimage\"},\"thumbnailUrl\":\"https:\/\/staging.macabro.mx\/wp-content\/uploads\/2018\/08\/05-A-mata-negra.jpg\",\"keywords\":[\"A mata negra\",\"Casa del cine mx\",\"Centro Hist\u00f3rico CDMX\",\"cine brasile\u00f1o\",\"Cine Centro Historico\",\"Cine fantastico latinoamericano\",\"Macabro FICH\",\"Macabro Film Festival\",\"Macabro Nocturno\",\"Macabro XVII\"],\"articleSection\":[\"Diario Macabro\"],\"inLanguage\":\"en-US\",\"potentialAction\":[{\"@type\":\"CommentAction\",\"name\":\"Comment\",\"target\":[\"https:\/\/staging.macabro.mx\/macabronocturno-presenta-a-mata-negra\/#respond\"]}]},{\"@type\":\"WebPage\",\"@id\":\"https:\/\/staging.macabro.mx\/macabronocturno-presenta-a-mata-negra\/\",\"url\":\"https:\/\/staging.macabro.mx\/macabronocturno-presenta-a-mata-negra\/\",\"name\":\"#MacabroNocturno presenta: A mata negra | Macabro\",\"isPartOf\":{\"@id\":\"https:\/\/staging.macabro.mx\/#website\"},\"primaryImageOfPage\":{\"@id\":\"https:\/\/staging.macabro.mx\/macabronocturno-presenta-a-mata-negra\/#primaryimage\"},\"image\":{\"@id\":\"https:\/\/staging.macabro.mx\/macabronocturno-presenta-a-mata-negra\/#primaryimage\"},\"thumbnailUrl\":\"https:\/\/staging.macabro.mx\/wp-content\/uploads\/2018\/08\/05-A-mata-negra.jpg\",\"datePublished\":\"2019-07-23T23:59:18+00:00\",\"dateModified\":\"2019-07-24T00:05:17+00:00\",\"breadcrumb\":{\"@id\":\"https:\/\/staging.macabro.mx\/macabronocturno-presenta-a-mata-negra\/#breadcrumb\"},\"inLanguage\":\"en-US\",\"potentialAction\":[{\"@type\":\"ReadAction\",\"target\":[\"https:\/\/staging.macabro.mx\/macabronocturno-presenta-a-mata-negra\/\"]}]},{\"@type\":\"ImageObject\",\"inLanguage\":\"en-US\",\"@id\":\"https:\/\/staging.macabro.mx\/macabronocturno-presenta-a-mata-negra\/#primaryimage\",\"url\":\"https:\/\/staging.macabro.mx\/wp-content\/uploads\/2018\/08\/05-A-mata-negra.jpg\",\"contentUrl\":\"https:\/\/staging.macabro.mx\/wp-content\/uploads\/2018\/08\/05-A-mata-negra.jpg\",\"width\":182,\"height\":268},{\"@type\":\"BreadcrumbList\",\"@id\":\"https:\/\/staging.macabro.mx\/macabronocturno-presenta-a-mata-negra\/#breadcrumb\",\"itemListElement\":[{\"@type\":\"ListItem\",\"position\":1,\"name\":\"Home\",\"item\":\"https:\/\/staging.macabro.mx\/\"},{\"@type\":\"ListItem\",\"position\":2,\"name\":\"Diario Macabro\",\"item\":\"https:\/\/staging.macabro.mx\/category\/diario-macabro\/\"},{\"@type\":\"ListItem\",\"position\":3,\"name\":\"#MacabroNocturno presenta: A mata negra\"}]},{\"@type\":\"WebSite\",\"@id\":\"https:\/\/staging.macabro.mx\/#website\",\"url\":\"https:\/\/staging.macabro.mx\/\",\"name\":\"Macabro\",\"description\":\"Festival Internacional de Cine de Horror\",\"publisher\":{\"@id\":\"https:\/\/staging.macabro.mx\/#organization\"},\"potentialAction\":[{\"@type\":\"SearchAction\",\"target\":{\"@type\":\"EntryPoint\",\"urlTemplate\":\"https:\/\/staging.macabro.mx\/?s={search_term_string}\"},\"query-input\":{\"@type\":\"PropertyValueSpecification\",\"valueRequired\":true,\"valueName\":\"search_term_string\"}}],\"inLanguage\":\"en-US\"},{\"@type\":\"Organization\",\"@id\":\"https:\/\/staging.macabro.mx\/#organization\",\"name\":\"Macabro Film Festival 2025\",\"url\":\"https:\/\/staging.macabro.mx\/\",\"logo\":{\"@type\":\"ImageObject\",\"inLanguage\":\"en-US\",\"@id\":\"https:\/\/staging.macabro.mx\/#\/schema\/logo\/image\/\",\"url\":\"https:\/\/staging.macabro.mx\/wp-content\/uploads\/2020\/11\/logo-macabro.png\",\"contentUrl\":\"https:\/\/staging.macabro.mx\/wp-content\/uploads\/2020\/11\/logo-macabro.png\",\"width\":870,\"height\":336,\"caption\":\"Macabro Film Festival 2025\"},\"image\":{\"@id\":\"https:\/\/staging.macabro.mx\/#\/schema\/logo\/image\/\"},\"sameAs\":[\"https:\/\/www.facebook.com\/MacabroFICH\",\"https:\/\/x.com\/MacabroFICH\",\"https:\/\/www.instagram.com\/macabrofich\/\",\"https:\/\/www.youtube.com\/user\/macabrofest\"]},{\"@type\":\"Person\",\"@id\":\"https:\/\/staging.macabro.mx\/#\/schema\/person\/cb1d7e57b8371a3558481dab1425691d\",\"name\":\"Diario Macabro\",\"image\":{\"@type\":\"ImageObject\",\"inLanguage\":\"en-US\",\"@id\":\"https:\/\/secure.gravatar.com\/avatar\/c503ddb7b9ab82ba0cd034365e426a9406aee5285d5579fbb648e22029e78d98?s=96&d=mm&r=g\",\"url\":\"https:\/\/secure.gravatar.com\/avatar\/c503ddb7b9ab82ba0cd034365e426a9406aee5285d5579fbb648e22029e78d98?s=96&d=mm&r=g\",\"contentUrl\":\"https:\/\/secure.gravatar.com\/avatar\/c503ddb7b9ab82ba0cd034365e426a9406aee5285d5579fbb648e22029e78d98?s=96&d=mm&r=g\",\"caption\":\"Diario Macabro\"},\"url\":\"https:\/\/staging.macabro.mx\/en\/author\/diario-macabro\/\"}]}<\/script>\n<!-- \/ Yoast SEO plugin. -->","yoast_head_json":{"title":"#MacabroNocturno presenta: A mata negra | Macabro","robots":{"index":"index","follow":"follow","max-snippet":"max-snippet:-1","max-image-preview":"max-image-preview:large","max-video-preview":"max-video-preview:-1"},"canonical":"https:\/\/staging.macabro.mx\/en\/macabronocturno-presenta-a-mata-negra\/","og_locale":"en_US","og_type":"article","og_title":"#MacabroNocturno presenta: A mata negra | Macabro","og_description":"Este mes, Macabro Nocturno calienta motores para la muy cercana edici\u00f3n 2019 del festival y es por ello que les traemos a la ganadora de Mejor Largometraje Iberoamericano en la pasada edici\u00f3n, una fantas\u00eda oscura de la mente del director y gran maestro de los efectos especiales, Rodrigo Arag\u00e3o. \u00a0A mata negra Direcci\u00f3n: Rodrigo Arag\u00e3o|","og_url":"https:\/\/staging.macabro.mx\/en\/macabronocturno-presenta-a-mata-negra\/","og_site_name":"Macabro","article_publisher":"https:\/\/www.facebook.com\/MacabroFICH","article_published_time":"2019-07-23T23:59:18+00:00","article_modified_time":"2019-07-24T00:05:17+00:00","og_image":[{"width":182,"height":268,"url":"https:\/\/staging.macabro.mx\/wp-content\/uploads\/2018\/08\/05-A-mata-negra.jpg","type":"image\/jpeg"}],"author":"Diario Macabro","twitter_card":"summary_large_image","twitter_creator":"@MacabroFICH","twitter_site":"@MacabroFICH","twitter_misc":{"Written by":"Diario Macabro","Est. reading time":"1 minute"},"schema":{"@context":"https:\/\/schema.org","@graph":[{"@type":"Article","@id":"https:\/\/staging.macabro.mx\/macabronocturno-presenta-a-mata-negra\/#article","isPartOf":{"@id":"https:\/\/staging.macabro.mx\/macabronocturno-presenta-a-mata-negra\/"},"author":{"name":"Diario Macabro","@id":"https:\/\/staging.macabro.mx\/#\/schema\/person\/cb1d7e57b8371a3558481dab1425691d"},"headline":"#MacabroNocturno presenta: A mata negra","datePublished":"2019-07-23T23:59:18+00:00","dateModified":"2019-07-24T00:05:17+00:00","mainEntityOfPage":{"@id":"https:\/\/staging.macabro.mx\/macabronocturno-presenta-a-mata-negra\/"},"wordCount":203,"commentCount":0,"publisher":{"@id":"https:\/\/staging.macabro.mx\/#organization"},"image":{"@id":"https:\/\/staging.macabro.mx\/macabronocturno-presenta-a-mata-negra\/#primaryimage"},"thumbnailUrl":"https:\/\/staging.macabro.mx\/wp-content\/uploads\/2018\/08\/05-A-mata-negra.jpg","keywords":["A mata negra","Casa del cine mx","Centro Hist\u00f3rico CDMX","cine brasile\u00f1o","Cine Centro Historico","Cine fantastico latinoamericano","Macabro FICH","Macabro Film Festival","Macabro Nocturno","Macabro XVII"],"articleSection":["Diario Macabro"],"inLanguage":"en-US","potentialAction":[{"@type":"CommentAction","name":"Comment","target":["https:\/\/staging.macabro.mx\/macabronocturno-presenta-a-mata-negra\/#respond"]}]},{"@type":"WebPage","@id":"https:\/\/staging.macabro.mx\/macabronocturno-presenta-a-mata-negra\/","url":"https:\/\/staging.macabro.mx\/macabronocturno-presenta-a-mata-negra\/","name":"#MacabroNocturno presenta: A mata negra | Macabro","isPartOf":{"@id":"https:\/\/staging.macabro.mx\/#website"},"primaryImageOfPage":{"@id":"https:\/\/staging.macabro.mx\/macabronocturno-presenta-a-mata-negra\/#primaryimage"},"image":{"@id":"https:\/\/staging.macabro.mx\/macabronocturno-presenta-a-mata-negra\/#primaryimage"},"thumbnailUrl":"https:\/\/staging.macabro.mx\/wp-content\/uploads\/2018\/08\/05-A-mata-negra.jpg","datePublished":"2019-07-23T23:59:18+00:00","dateModified":"2019-07-24T00:05:17+00:00","breadcrumb":{"@id":"https:\/\/staging.macabro.mx\/macabronocturno-presenta-a-mata-negra\/#breadcrumb"},"inLanguage":"en-US","potentialAction":[{"@type":"ReadAction","target":["https:\/\/staging.macabro.mx\/macabronocturno-presenta-a-mata-negra\/"]}]},{"@type":"ImageObject","inLanguage":"en-US","@id":"https:\/\/staging.macabro.mx\/macabronocturno-presenta-a-mata-negra\/#primaryimage","url":"https:\/\/staging.macabro.mx\/wp-content\/uploads\/2018\/08\/05-A-mata-negra.jpg","contentUrl":"https:\/\/staging.macabro.mx\/wp-content\/uploads\/2018\/08\/05-A-mata-negra.jpg","width":182,"height":268},{"@type":"BreadcrumbList","@id":"https:\/\/staging.macabro.mx\/macabronocturno-presenta-a-mata-negra\/#breadcrumb","itemListElement":[{"@type":"ListItem","position":1,"name":"Home","item":"https:\/\/staging.macabro.mx\/"},{"@type":"ListItem","position":2,"name":"Diario Macabro","item":"https:\/\/staging.macabro.mx\/category\/diario-macabro\/"},{"@type":"ListItem","position":3,"name":"#MacabroNocturno presenta: A mata negra"}]},{"@type":"WebSite","@id":"https:\/\/staging.macabro.mx\/#website","url":"https:\/\/staging.macabro.mx\/","name":"Macabro","description":"Festival Internacional de Cine de Horror","publisher":{"@id":"https:\/\/staging.macabro.mx\/#organization"},"potentialAction":[{"@type":"SearchAction","target":{"@type":"EntryPoint","urlTemplate":"https:\/\/staging.macabro.mx\/?s={search_term_string}"},"query-input":{"@type":"PropertyValueSpecification","valueRequired":true,"valueName":"search_term_string"}}],"inLanguage":"en-US"},{"@type":"Organization","@id":"https:\/\/staging.macabro.mx\/#organization","name":"Macabro Film Festival 2025","url":"https:\/\/staging.macabro.mx\/","logo":{"@type":"ImageObject","inLanguage":"en-US","@id":"https:\/\/staging.macabro.mx\/#\/schema\/logo\/image\/","url":"https:\/\/staging.macabro.mx\/wp-content\/uploads\/2020\/11\/logo-macabro.png","contentUrl":"https:\/\/staging.macabro.mx\/wp-content\/uploads\/2020\/11\/logo-macabro.png","width":870,"height":336,"caption":"Macabro Film Festival 2025"},"image":{"@id":"https:\/\/staging.macabro.mx\/#\/schema\/logo\/image\/"},"sameAs":["https:\/\/www.facebook.com\/MacabroFICH","https:\/\/x.com\/MacabroFICH","https:\/\/www.instagram.com\/macabrofich\/","https:\/\/www.youtube.com\/user\/macabrofest"]},{"@type":"Person","@id":"https:\/\/staging.macabro.mx\/#\/schema\/person\/cb1d7e57b8371a3558481dab1425691d","name":"Diario Macabro","image":{"@type":"ImageObject","inLanguage":"en-US","@id":"https:\/\/secure.gravatar.com\/avatar\/c503ddb7b9ab82ba0cd034365e426a9406aee5285d5579fbb648e22029e78d98?s=96&d=mm&r=g","url":"https:\/\/secure.gravatar.com\/avatar\/c503ddb7b9ab82ba0cd034365e426a9406aee5285d5579fbb648e22029e78d98?s=96&d=mm&r=g","contentUrl":"https:\/\/secure.gravatar.com\/avatar\/c503ddb7b9ab82ba0cd034365e426a9406aee5285d5579fbb648e22029e78d98?s=96&d=mm&r=g","caption":"Diario Macabro"},"url":"https:\/\/staging.macabro.mx\/en\/author\/diario-macabro\/"}]}},"_links":{"self":[{"href":"https:\/\/staging.macabro.mx\/en\/wp-json\/wp\/v2\/posts\/3357","targetHints":{"allow":["GET"]}}],"collection":[{"href":"https:\/\/staging.macabro.mx\/en\/wp-json\/wp\/v2\/posts"}],"about":[{"href":"https:\/\/staging.macabro.mx\/en\/wp-json\/wp\/v2\/types\/post"}],"author":[{"embeddable":true,"href":"https:\/\/staging.macabro.mx\/en\/wp-json\/wp\/v2\/users\/2"}],"replies":[{"embeddable":true,"href":"https:\/\/staging.macabro.mx\/en\/wp-json\/wp\/v2\/comments?post=3357"}],"version-history":[{"count":2,"href":"https:\/\/staging.macabro.mx\/en\/wp-json\/wp\/v2\/posts\/3357\/revisions"}],"predecessor-version":[{"id":3360,"href":"https:\/\/staging.macabro.mx\/en\/wp-json\/wp\/v2\/posts\/3357\/revisions\/3360"}],"wp:featuredmedia":[{"embeddable":true,"href":"https:\/\/staging.macabro.mx\/en\/wp-json\/wp\/v2\/media\/2750"}],"wp:attachment":[{"href":"https:\/\/staging.macabro.mx\/en\/wp-json\/wp\/v2\/media?parent=3357"}],"wp:term":[{"taxonomy":"category","embeddable":true,"href":"https:\/\/staging.macabro.mx\/en\/wp-json\/wp\/v2\/categories?post=3357"},{"taxonomy":"post_tag","embeddable":true,"href":"https:\/\/staging.macabro.mx\/en\/wp-json\/wp\/v2\/tags?post=3357"},{"taxonomy":"festival_year","embeddable":true,"href":"https:\/\/staging.macabro.mx\/en\/wp-json\/wp\/v2\/festival_year?post=3357"}],"curies":[{"name":"wp","href":"https:\/\/api.w.org\/{rel}","templated":true}]}}