{"id":2824,"date":"2018-09-01T23:00:07","date_gmt":"2018-09-02T04:00:07","guid":{"rendered":"https:\/\/staging.macabro.mx\/?p=2824"},"modified":"2018-09-01T15:24:58","modified_gmt":"2018-09-01T20:24:58","slug":"macabroxvii-lista-de-ganadores","status":"publish","type":"post","link":"https:\/\/staging.macabro.mx\/en\/macabroxvii-lista-de-ganadores\/","title":{"rendered":"#MacabroXVII: Lista de ganadores"},"content":{"rendered":"<p style=\"text-align: center;\"><strong>Macabro Festival Internacional de Cine de Horror de la Ciudad de M\u00e9xico<\/strong><\/p>\n<p style=\"text-align: center;\"><strong>se complace en anunciar a los Ganadores de la 17\u00b0 edici\u00f3n<\/strong><\/p>\n<p>&nbsp;<\/p>\n<p style=\"text-align: center;\"><strong>Largometraje Internacional<\/strong><\/p>\n<p style=\"text-align: center;\">Ganadora:<\/p>\n<p style=\"text-align: center;\"><strong><em>Vidar Vampyr<\/em><\/strong><\/p>\n<p style=\"text-align: center;\">Direcci\u00f3n: Thomas Aske Berg y Fredrik Waldeland.<\/p>\n<p style=\"text-align: center;\">Guion: Thomas Aske Berg y Fredrik Waldeland.<\/p>\n<p style=\"text-align: center;\">2017 &#8211; Noruega &#8211; 83 min<\/p>\n<p style=\"text-align: center;\">\n<p style=\"text-align: center;\"><strong>Menci\u00f3n honor\u00edfica:<\/strong><\/p>\n<p style=\"text-align: center;\"><strong><em>Knuckleball<\/em><\/strong><\/p>\n<p style=\"text-align: center;\">Direcci\u00f3n:\u00a0Michael Peterson<\/p>\n<p style=\"text-align: center;\">Gui\u00f3n:\u00a0Kevin Cockle, Michael Peterson<\/p>\n<p style=\"text-align: center;\">2018 &#8211; Canad\u00e1 &#8211; 89 min<\/p>\n<p style=\"text-align: center;\">\n<p style=\"text-align: center;\"><strong>Mejor director:\u00a0<\/strong><\/p>\n<p style=\"text-align: center;\">Seth A. Smith\u00a0por The Crescent.<\/p>\n<p style=\"text-align: center;\">\n<p style=\"text-align: center;\"><strong>Cortometraje mexicano:<\/strong><\/p>\n<p style=\"text-align: center;\">Ganadora:<\/p>\n<p style=\"text-align: center;\"><strong><em>La Cruz de Agujas<\/em><\/strong><\/p>\n<p style=\"text-align: center;\">Direcci\u00f3n: Harry Montiel.<\/p>\n<p style=\"text-align: center;\">Guion: Harry Montiel.<\/p>\n<p style=\"text-align: center;\">2017 &#8211; M\u00e9xico &#8211; 19 min<\/p>\n<p style=\"text-align: center;\">\n<p style=\"text-align: center;\"><strong>Menciones honor\u00edficas:<\/strong><\/p>\n<p style=\"text-align: center;\"><strong><em>Relatos de un Pueblo Embrujado<\/em><\/strong><\/p>\n<p style=\"text-align: center;\">Direcci\u00f3n: Ismael Capistr\u00e1n.<\/p>\n<p style=\"text-align: center;\">Guion: Ismael Capistr\u00e1n.<\/p>\n<p style=\"text-align: center;\">2017 &#8211; M\u00e9xico &#8211; 12 min<\/p>\n<p style=\"text-align: center;\">\n<p style=\"text-align: center;\"><strong><em>Fight<\/em><\/strong><\/p>\n<p style=\"text-align: center;\">Direcci\u00f3n: Eddie Rubio<\/p>\n<p style=\"text-align: center;\">Guion: Eddie Rubio<\/p>\n<p style=\"text-align: center;\">2017 &#8211; M\u00e9xico, &#8211; 19 min<\/p>\n<p style=\"text-align: center;\">\n<p style=\"text-align: center;\"><strong>Mejor cortometraje animado:<\/strong><\/p>\n<p style=\"text-align: center;\">Ganador<\/p>\n<p style=\"text-align: center;\"><strong><em>Nocturne<\/em><\/strong><br \/>\nDirecci\u00f3n: Anne Breymann.<\/p>\n<p style=\"text-align: center;\">Guion: Anne Breymann.<\/p>\n<p style=\"text-align: center;\">2017 &#8211; Alemania &#8211; 5:19 min<\/p>\n<p style=\"text-align: center;\">\n<p style=\"text-align: center;\"><strong>Menci\u00f3n Honor\u00edfica:<\/strong><\/p>\n<p style=\"text-align: center;\"><strong><em>Strawberry Eaters<\/em><\/strong><\/p>\n<p style=\"text-align: center;\">2018 &#8211; Estonia &#8211; 14:39 min<\/p>\n<p style=\"text-align: center;\">Direcci\u00f3n: Mattias M\u00e4lk.<\/p>\n<p style=\"text-align: center;\">Guion: Mattias M\u00e4lk.<\/p>\n<p style=\"text-align: center;\">\n<p style=\"text-align: center;\">\n<p style=\"text-align: center;\"><strong>Mejor largometraje Iberoamericano<\/strong>:<\/p>\n<p style=\"text-align: center;\">Ganador<\/p>\n<p style=\"text-align: center;\"><strong><em>A mata negra<\/em><\/strong><\/p>\n<p style=\"text-align: center;\">Direcci\u00f3n: Rodrigo Arag\u00e3o.<\/p>\n<p style=\"text-align: center;\">Guion: Rodrigo Arag\u00e3o, Alexandre Callari.<\/p>\n<p style=\"text-align: center;\">2018 &#8211; Brasil &#8211; 98 min<\/p>\n<p style=\"text-align: center;\">\n<p style=\"text-align: center;\"><strong>Menci\u00f3n honor\u00edfica:<\/strong><\/p>\n<p style=\"text-align: center;\"><strong><em>Framed<\/em><\/strong><\/p>\n<p style=\"text-align: center;\">Direcci\u00f3n: Marc Mart\u00ednez Jord\u00e1n.<\/p>\n<p style=\"text-align: center;\">Guion: Jaume Cuspinera, Marc Mart\u00ednez Jord\u00e1n.<\/p>\n<p style=\"text-align: center;\">2017 &#8211; Espa\u00f1a &#8211; 80 min<\/p>\n<p style=\"text-align: center;\">\n<p style=\"text-align: center;\"><strong>Mejor director:<\/strong><\/p>\n<p style=\"text-align: center;\">\u00a0Jorge Leyva, Mis demonios nunca juraron soledad.<\/p>\n<p style=\"text-align: center;\">\n<p style=\"text-align: center;\"><strong>Mejor cortometraje internacional:<\/strong><\/p>\n<p style=\"text-align: center;\">Ganador<\/p>\n<p style=\"text-align: center;\"><em><strong>RIP<\/strong><\/em><\/p>\n<p style=\"text-align: center;\">Direcci\u00f3n: Albert Pinto &amp; Caye Casas.<\/p>\n<p style=\"text-align: center;\">Gui\u00f3n: Albert Pinto &amp; Caye Casas.<\/p>\n<p style=\"text-align: center;\">2017 &#8211; Espa\u00f1a &#8211; 16 min.<\/p>\n<p style=\"text-align: center;\">\n<p style=\"text-align: center;\"><strong>Menci\u00f3n honor\u00edfica:<\/strong><\/p>\n<p style=\"text-align: center;\"><strong><em>Gridlock.<\/em><\/strong><\/p>\n<p style=\"text-align: center;\">Direcci\u00f3n: Ian Hunt Duffy.<\/p>\n<p style=\"text-align: center;\">Gui\u00f3n: Darach McGarrigle.<\/p>\n<p style=\"text-align: center;\">2017 &#8211; Irlanda &#8211; 19 min.<\/p>\n<p style=\"text-align: center;\">\n<p style=\"text-align: center;\"><strong>Premio de la prensa:<\/strong><\/p>\n<p style=\"text-align: center;\"><em><strong>Hostile<\/strong><\/em><\/p>\n<p style=\"text-align: center;\">Direcci\u00f3n:\u00a0Mathieu Turi<\/p>\n<p style=\"text-align: center;\">2017- Francia &#8211; 83 min.<\/p>\n<p style=\"text-align: center;\"><strong>Menci\u00f3n honor\u00edfica:<\/strong><\/p>\n<p style=\"text-align: center;\"><strong><em>A mata negra<\/em><\/strong><\/p>\n<p style=\"text-align: center;\">Direcci\u00f3n: Rodrigo Arag\u00e3o.<\/p>\n<p style=\"text-align: center;\">Guion: Rodrigo Arag\u00e3o, Alexandre Callari.<\/p>\n<p style=\"text-align: center;\">2018 &#8211; Brasil &#8211; 98 min<\/p>\n<p>&nbsp;<\/p>\n<p style=\"text-align: center;\"><strong>Premio del p\u00fablico:\u00a0<\/strong><\/p>\n<p style=\"text-align: center;\">Ganador:<\/p>\n<p style=\"text-align: center;\"><em><strong>Snowflake<\/strong><\/em><\/p>\n<p style=\"text-align: center;\">Direcci\u00f3n:\u00a0 Adolfo Kolmerer | William James<\/p>\n<p style=\"text-align: center;\">2017 \u2013 Alemania &#8211; 120 min.<\/p>\n<p><img loading=\"lazy\" decoding=\"async\" width=\"700\" height=\"431\" class=\"alignnone size-large wp-image-2825 aligncenter\" src=\"https:\/\/staging.macabro.mx\/wp-content\/uploads\/2018\/09\/21199669_10155657943580970_2395574532604045643_o-700x431.jpg\" alt=\"\" srcset=\"https:\/\/staging.macabro.mx\/wp-content\/uploads\/2018\/09\/21199669_10155657943580970_2395574532604045643_o-700x431.jpg 700w, https:\/\/staging.macabro.mx\/wp-content\/uploads\/2018\/09\/21199669_10155657943580970_2395574532604045643_o-250x154.jpg 250w, https:\/\/staging.macabro.mx\/wp-content\/uploads\/2018\/09\/21199669_10155657943580970_2395574532604045643_o-768x473.jpg 768w, https:\/\/staging.macabro.mx\/wp-content\/uploads\/2018\/09\/21199669_10155657943580970_2395574532604045643_o-120x74.jpg 120w, https:\/\/staging.macabro.mx\/wp-content\/uploads\/2018\/09\/21199669_10155657943580970_2395574532604045643_o.jpg 1337w\" sizes=\"auto, (max-width: 700px) 100vw, 700px\" \/><\/p>","protected":false},"excerpt":{"rendered":"Macabro Festival Internacional de Cine de Horror de la Ciudad de M\u00e9xico se complace en anunciar a los Ganadores de la 17\u00b0 edici\u00f3n &nbsp; Largometraje Internacional Ganadora: Vidar Vampyr Direcci\u00f3n: Thomas Aske Berg y Fredrik Waldeland. Guion: Thomas Aske Berg y Fredrik Waldeland. 2017 &#8211; Noruega &#8211; 83 min Menci\u00f3n honor\u00edfica: Knuckleball Direcci\u00f3n:\u00a0Michael Peterson Gui\u00f3n:\u00a0Kevin","protected":false},"author":2,"featured_media":2825,"comment_status":"open","ping_status":"open","sticky":false,"template":"","format":"standard","meta":{"_acf_changed":false,"footnotes":""},"categories":[2],"tags":[889,65,432,225,920,195,48,23,54,605],"festival_year":[],"class_list":["post-2824","post","type-post","status-publish","format-standard","has-post-thumbnail","hentry","category-diario-macabro","tag-aquelarre-macabro","tag-cdmx","tag-centro-historico-cdmx","tag-festival-macabro","tag-ganadores-macabro-xvii","tag-horror-film-festival","tag-horror-films","tag-macabro-fich","tag-macabro-film-festival","tag-macabro-xvii"],"acf":[],"yoast_head":"<!-- This site is optimized with the Yoast SEO plugin v27.2 - https:\/\/yoast.com\/product\/yoast-seo-wordpress\/ -->\n<title>#MacabroXVII: Lista de ganadores | Macabro<\/title>\n<meta name=\"robots\" content=\"index, follow, max-snippet:-1, max-image-preview:large, max-video-preview:-1\" \/>\n<link rel=\"canonical\" href=\"https:\/\/staging.macabro.mx\/en\/macabroxvii-lista-de-ganadores\/\" \/>\n<meta property=\"og:locale\" content=\"en_US\" \/>\n<meta property=\"og:type\" content=\"article\" \/>\n<meta property=\"og:title\" content=\"#MacabroXVII: Lista de ganadores | Macabro\" \/>\n<meta property=\"og:description\" content=\"Macabro Festival Internacional de Cine de Horror de la Ciudad de M\u00e9xico se complace en anunciar a los Ganadores de la 17\u00b0 edici\u00f3n &nbsp; Largometraje Internacional Ganadora: Vidar Vampyr Direcci\u00f3n: Thomas Aske Berg y Fredrik Waldeland. Guion: Thomas Aske Berg y Fredrik Waldeland. 2017 &#8211; Noruega &#8211; 83 min Menci\u00f3n honor\u00edfica: Knuckleball Direcci\u00f3n:\u00a0Michael Peterson Gui\u00f3n:\u00a0Kevin\" \/>\n<meta property=\"og:url\" content=\"https:\/\/staging.macabro.mx\/en\/macabroxvii-lista-de-ganadores\/\" \/>\n<meta property=\"og:site_name\" content=\"Macabro\" \/>\n<meta property=\"article:publisher\" content=\"https:\/\/www.facebook.com\/MacabroFICH\" \/>\n<meta property=\"article:published_time\" content=\"2018-09-02T04:00:07+00:00\" \/>\n<meta property=\"og:image\" content=\"https:\/\/staging.macabro.mx\/wp-content\/uploads\/2018\/09\/21199669_10155657943580970_2395574532604045643_o.jpg\" \/>\n\t<meta property=\"og:image:width\" content=\"1337\" \/>\n\t<meta property=\"og:image:height\" content=\"823\" \/>\n\t<meta property=\"og:image:type\" content=\"image\/jpeg\" \/>\n<meta name=\"author\" content=\"Diario Macabro\" \/>\n<meta name=\"twitter:card\" content=\"summary_large_image\" \/>\n<meta name=\"twitter:creator\" content=\"@MacabroFICH\" \/>\n<meta name=\"twitter:site\" content=\"@MacabroFICH\" \/>\n<meta name=\"twitter:label1\" content=\"Written by\" \/>\n\t<meta name=\"twitter:data1\" content=\"Diario Macabro\" \/>\n\t<meta name=\"twitter:label2\" content=\"Est. reading time\" \/>\n\t<meta name=\"twitter:data2\" content=\"2 minutes\" \/>\n<script type=\"application\/ld+json\" class=\"yoast-schema-graph\">{\"@context\":\"https:\/\/schema.org\",\"@graph\":[{\"@type\":\"Article\",\"@id\":\"https:\/\/staging.macabro.mx\/macabroxvii-lista-de-ganadores\/#article\",\"isPartOf\":{\"@id\":\"https:\/\/staging.macabro.mx\/macabroxvii-lista-de-ganadores\/\"},\"author\":{\"name\":\"Diario Macabro\",\"@id\":\"https:\/\/staging.macabro.mx\/#\/schema\/person\/cb1d7e57b8371a3558481dab1425691d\"},\"headline\":\"#MacabroXVII: Lista de ganadores\",\"datePublished\":\"2018-09-02T04:00:07+00:00\",\"mainEntityOfPage\":{\"@id\":\"https:\/\/staging.macabro.mx\/macabroxvii-lista-de-ganadores\/\"},\"wordCount\":318,\"commentCount\":0,\"publisher\":{\"@id\":\"https:\/\/staging.macabro.mx\/#organization\"},\"image\":{\"@id\":\"https:\/\/staging.macabro.mx\/macabroxvii-lista-de-ganadores\/#primaryimage\"},\"thumbnailUrl\":\"https:\/\/staging.macabro.mx\/wp-content\/uploads\/2018\/09\/21199669_10155657943580970_2395574532604045643_o.jpg\",\"keywords\":[\"Aquelarre Macabro\",\"CDMX\",\"Centro Hist\u00f3rico CDMX\",\"Festival Macabro\",\"Ganadores Macabro XVII\",\"Horror Film Festival\",\"Horror Films\",\"Macabro FICH\",\"Macabro Film Festival\",\"Macabro XVII\"],\"articleSection\":[\"Diario Macabro\"],\"inLanguage\":\"en-US\",\"potentialAction\":[{\"@type\":\"CommentAction\",\"name\":\"Comment\",\"target\":[\"https:\/\/staging.macabro.mx\/macabroxvii-lista-de-ganadores\/#respond\"]}]},{\"@type\":\"WebPage\",\"@id\":\"https:\/\/staging.macabro.mx\/macabroxvii-lista-de-ganadores\/\",\"url\":\"https:\/\/staging.macabro.mx\/macabroxvii-lista-de-ganadores\/\",\"name\":\"#MacabroXVII: Lista de ganadores | Macabro\",\"isPartOf\":{\"@id\":\"https:\/\/staging.macabro.mx\/#website\"},\"primaryImageOfPage\":{\"@id\":\"https:\/\/staging.macabro.mx\/macabroxvii-lista-de-ganadores\/#primaryimage\"},\"image\":{\"@id\":\"https:\/\/staging.macabro.mx\/macabroxvii-lista-de-ganadores\/#primaryimage\"},\"thumbnailUrl\":\"https:\/\/staging.macabro.mx\/wp-content\/uploads\/2018\/09\/21199669_10155657943580970_2395574532604045643_o.jpg\",\"datePublished\":\"2018-09-02T04:00:07+00:00\",\"breadcrumb\":{\"@id\":\"https:\/\/staging.macabro.mx\/macabroxvii-lista-de-ganadores\/#breadcrumb\"},\"inLanguage\":\"en-US\",\"potentialAction\":[{\"@type\":\"ReadAction\",\"target\":[\"https:\/\/staging.macabro.mx\/macabroxvii-lista-de-ganadores\/\"]}]},{\"@type\":\"ImageObject\",\"inLanguage\":\"en-US\",\"@id\":\"https:\/\/staging.macabro.mx\/macabroxvii-lista-de-ganadores\/#primaryimage\",\"url\":\"https:\/\/staging.macabro.mx\/wp-content\/uploads\/2018\/09\/21199669_10155657943580970_2395574532604045643_o.jpg\",\"contentUrl\":\"https:\/\/staging.macabro.mx\/wp-content\/uploads\/2018\/09\/21199669_10155657943580970_2395574532604045643_o.jpg\",\"width\":1337,\"height\":823},{\"@type\":\"BreadcrumbList\",\"@id\":\"https:\/\/staging.macabro.mx\/macabroxvii-lista-de-ganadores\/#breadcrumb\",\"itemListElement\":[{\"@type\":\"ListItem\",\"position\":1,\"name\":\"Home\",\"item\":\"https:\/\/staging.macabro.mx\/\"},{\"@type\":\"ListItem\",\"position\":2,\"name\":\"Diario Macabro\",\"item\":\"https:\/\/staging.macabro.mx\/category\/diario-macabro\/\"},{\"@type\":\"ListItem\",\"position\":3,\"name\":\"#MacabroXVII: Lista de ganadores\"}]},{\"@type\":\"WebSite\",\"@id\":\"https:\/\/staging.macabro.mx\/#website\",\"url\":\"https:\/\/staging.macabro.mx\/\",\"name\":\"Macabro\",\"description\":\"Festival Internacional de Cine de Horror\",\"publisher\":{\"@id\":\"https:\/\/staging.macabro.mx\/#organization\"},\"potentialAction\":[{\"@type\":\"SearchAction\",\"target\":{\"@type\":\"EntryPoint\",\"urlTemplate\":\"https:\/\/staging.macabro.mx\/?s={search_term_string}\"},\"query-input\":{\"@type\":\"PropertyValueSpecification\",\"valueRequired\":true,\"valueName\":\"search_term_string\"}}],\"inLanguage\":\"en-US\"},{\"@type\":\"Organization\",\"@id\":\"https:\/\/staging.macabro.mx\/#organization\",\"name\":\"Macabro Film Festival 2025\",\"url\":\"https:\/\/staging.macabro.mx\/\",\"logo\":{\"@type\":\"ImageObject\",\"inLanguage\":\"en-US\",\"@id\":\"https:\/\/staging.macabro.mx\/#\/schema\/logo\/image\/\",\"url\":\"https:\/\/staging.macabro.mx\/wp-content\/uploads\/2020\/11\/logo-macabro.png\",\"contentUrl\":\"https:\/\/staging.macabro.mx\/wp-content\/uploads\/2020\/11\/logo-macabro.png\",\"width\":870,\"height\":336,\"caption\":\"Macabro Film Festival 2025\"},\"image\":{\"@id\":\"https:\/\/staging.macabro.mx\/#\/schema\/logo\/image\/\"},\"sameAs\":[\"https:\/\/www.facebook.com\/MacabroFICH\",\"https:\/\/x.com\/MacabroFICH\",\"https:\/\/www.instagram.com\/macabrofich\/\",\"https:\/\/www.youtube.com\/user\/macabrofest\"]},{\"@type\":\"Person\",\"@id\":\"https:\/\/staging.macabro.mx\/#\/schema\/person\/cb1d7e57b8371a3558481dab1425691d\",\"name\":\"Diario Macabro\",\"image\":{\"@type\":\"ImageObject\",\"inLanguage\":\"en-US\",\"@id\":\"https:\/\/secure.gravatar.com\/avatar\/c503ddb7b9ab82ba0cd034365e426a9406aee5285d5579fbb648e22029e78d98?s=96&d=mm&r=g\",\"url\":\"https:\/\/secure.gravatar.com\/avatar\/c503ddb7b9ab82ba0cd034365e426a9406aee5285d5579fbb648e22029e78d98?s=96&d=mm&r=g\",\"contentUrl\":\"https:\/\/secure.gravatar.com\/avatar\/c503ddb7b9ab82ba0cd034365e426a9406aee5285d5579fbb648e22029e78d98?s=96&d=mm&r=g\",\"caption\":\"Diario Macabro\"},\"url\":\"https:\/\/staging.macabro.mx\/en\/author\/diario-macabro\/\"}]}<\/script>\n<!-- \/ Yoast SEO plugin. -->","yoast_head_json":{"title":"#MacabroXVII: Lista de ganadores | Macabro","robots":{"index":"index","follow":"follow","max-snippet":"max-snippet:-1","max-image-preview":"max-image-preview:large","max-video-preview":"max-video-preview:-1"},"canonical":"https:\/\/staging.macabro.mx\/en\/macabroxvii-lista-de-ganadores\/","og_locale":"en_US","og_type":"article","og_title":"#MacabroXVII: Lista de ganadores | Macabro","og_description":"Macabro Festival Internacional de Cine de Horror de la Ciudad de M\u00e9xico se complace en anunciar a los Ganadores de la 17\u00b0 edici\u00f3n &nbsp; Largometraje Internacional Ganadora: Vidar Vampyr Direcci\u00f3n: Thomas Aske Berg y Fredrik Waldeland. Guion: Thomas Aske Berg y Fredrik Waldeland. 2017 &#8211; Noruega &#8211; 83 min Menci\u00f3n honor\u00edfica: Knuckleball Direcci\u00f3n:\u00a0Michael Peterson Gui\u00f3n:\u00a0Kevin","og_url":"https:\/\/staging.macabro.mx\/en\/macabroxvii-lista-de-ganadores\/","og_site_name":"Macabro","article_publisher":"https:\/\/www.facebook.com\/MacabroFICH","article_published_time":"2018-09-02T04:00:07+00:00","og_image":[{"width":1337,"height":823,"url":"https:\/\/staging.macabro.mx\/wp-content\/uploads\/2018\/09\/21199669_10155657943580970_2395574532604045643_o.jpg","type":"image\/jpeg"}],"author":"Diario Macabro","twitter_card":"summary_large_image","twitter_creator":"@MacabroFICH","twitter_site":"@MacabroFICH","twitter_misc":{"Written by":"Diario Macabro","Est. reading time":"2 minutes"},"schema":{"@context":"https:\/\/schema.org","@graph":[{"@type":"Article","@id":"https:\/\/staging.macabro.mx\/macabroxvii-lista-de-ganadores\/#article","isPartOf":{"@id":"https:\/\/staging.macabro.mx\/macabroxvii-lista-de-ganadores\/"},"author":{"name":"Diario Macabro","@id":"https:\/\/staging.macabro.mx\/#\/schema\/person\/cb1d7e57b8371a3558481dab1425691d"},"headline":"#MacabroXVII: Lista de ganadores","datePublished":"2018-09-02T04:00:07+00:00","mainEntityOfPage":{"@id":"https:\/\/staging.macabro.mx\/macabroxvii-lista-de-ganadores\/"},"wordCount":318,"commentCount":0,"publisher":{"@id":"https:\/\/staging.macabro.mx\/#organization"},"image":{"@id":"https:\/\/staging.macabro.mx\/macabroxvii-lista-de-ganadores\/#primaryimage"},"thumbnailUrl":"https:\/\/staging.macabro.mx\/wp-content\/uploads\/2018\/09\/21199669_10155657943580970_2395574532604045643_o.jpg","keywords":["Aquelarre Macabro","CDMX","Centro Hist\u00f3rico CDMX","Festival Macabro","Ganadores Macabro XVII","Horror Film Festival","Horror Films","Macabro FICH","Macabro Film Festival","Macabro XVII"],"articleSection":["Diario Macabro"],"inLanguage":"en-US","potentialAction":[{"@type":"CommentAction","name":"Comment","target":["https:\/\/staging.macabro.mx\/macabroxvii-lista-de-ganadores\/#respond"]}]},{"@type":"WebPage","@id":"https:\/\/staging.macabro.mx\/macabroxvii-lista-de-ganadores\/","url":"https:\/\/staging.macabro.mx\/macabroxvii-lista-de-ganadores\/","name":"#MacabroXVII: Lista de ganadores | Macabro","isPartOf":{"@id":"https:\/\/staging.macabro.mx\/#website"},"primaryImageOfPage":{"@id":"https:\/\/staging.macabro.mx\/macabroxvii-lista-de-ganadores\/#primaryimage"},"image":{"@id":"https:\/\/staging.macabro.mx\/macabroxvii-lista-de-ganadores\/#primaryimage"},"thumbnailUrl":"https:\/\/staging.macabro.mx\/wp-content\/uploads\/2018\/09\/21199669_10155657943580970_2395574532604045643_o.jpg","datePublished":"2018-09-02T04:00:07+00:00","breadcrumb":{"@id":"https:\/\/staging.macabro.mx\/macabroxvii-lista-de-ganadores\/#breadcrumb"},"inLanguage":"en-US","potentialAction":[{"@type":"ReadAction","target":["https:\/\/staging.macabro.mx\/macabroxvii-lista-de-ganadores\/"]}]},{"@type":"ImageObject","inLanguage":"en-US","@id":"https:\/\/staging.macabro.mx\/macabroxvii-lista-de-ganadores\/#primaryimage","url":"https:\/\/staging.macabro.mx\/wp-content\/uploads\/2018\/09\/21199669_10155657943580970_2395574532604045643_o.jpg","contentUrl":"https:\/\/staging.macabro.mx\/wp-content\/uploads\/2018\/09\/21199669_10155657943580970_2395574532604045643_o.jpg","width":1337,"height":823},{"@type":"BreadcrumbList","@id":"https:\/\/staging.macabro.mx\/macabroxvii-lista-de-ganadores\/#breadcrumb","itemListElement":[{"@type":"ListItem","position":1,"name":"Home","item":"https:\/\/staging.macabro.mx\/"},{"@type":"ListItem","position":2,"name":"Diario Macabro","item":"https:\/\/staging.macabro.mx\/category\/diario-macabro\/"},{"@type":"ListItem","position":3,"name":"#MacabroXVII: Lista de ganadores"}]},{"@type":"WebSite","@id":"https:\/\/staging.macabro.mx\/#website","url":"https:\/\/staging.macabro.mx\/","name":"Macabro","description":"Festival Internacional de Cine de Horror","publisher":{"@id":"https:\/\/staging.macabro.mx\/#organization"},"potentialAction":[{"@type":"SearchAction","target":{"@type":"EntryPoint","urlTemplate":"https:\/\/staging.macabro.mx\/?s={search_term_string}"},"query-input":{"@type":"PropertyValueSpecification","valueRequired":true,"valueName":"search_term_string"}}],"inLanguage":"en-US"},{"@type":"Organization","@id":"https:\/\/staging.macabro.mx\/#organization","name":"Macabro Film Festival 2025","url":"https:\/\/staging.macabro.mx\/","logo":{"@type":"ImageObject","inLanguage":"en-US","@id":"https:\/\/staging.macabro.mx\/#\/schema\/logo\/image\/","url":"https:\/\/staging.macabro.mx\/wp-content\/uploads\/2020\/11\/logo-macabro.png","contentUrl":"https:\/\/staging.macabro.mx\/wp-content\/uploads\/2020\/11\/logo-macabro.png","width":870,"height":336,"caption":"Macabro Film Festival 2025"},"image":{"@id":"https:\/\/staging.macabro.mx\/#\/schema\/logo\/image\/"},"sameAs":["https:\/\/www.facebook.com\/MacabroFICH","https:\/\/x.com\/MacabroFICH","https:\/\/www.instagram.com\/macabrofich\/","https:\/\/www.youtube.com\/user\/macabrofest"]},{"@type":"Person","@id":"https:\/\/staging.macabro.mx\/#\/schema\/person\/cb1d7e57b8371a3558481dab1425691d","name":"Diario Macabro","image":{"@type":"ImageObject","inLanguage":"en-US","@id":"https:\/\/secure.gravatar.com\/avatar\/c503ddb7b9ab82ba0cd034365e426a9406aee5285d5579fbb648e22029e78d98?s=96&d=mm&r=g","url":"https:\/\/secure.gravatar.com\/avatar\/c503ddb7b9ab82ba0cd034365e426a9406aee5285d5579fbb648e22029e78d98?s=96&d=mm&r=g","contentUrl":"https:\/\/secure.gravatar.com\/avatar\/c503ddb7b9ab82ba0cd034365e426a9406aee5285d5579fbb648e22029e78d98?s=96&d=mm&r=g","caption":"Diario Macabro"},"url":"https:\/\/staging.macabro.mx\/en\/author\/diario-macabro\/"}]}},"_links":{"self":[{"href":"https:\/\/staging.macabro.mx\/en\/wp-json\/wp\/v2\/posts\/2824","targetHints":{"allow":["GET"]}}],"collection":[{"href":"https:\/\/staging.macabro.mx\/en\/wp-json\/wp\/v2\/posts"}],"about":[{"href":"https:\/\/staging.macabro.mx\/en\/wp-json\/wp\/v2\/types\/post"}],"author":[{"embeddable":true,"href":"https:\/\/staging.macabro.mx\/en\/wp-json\/wp\/v2\/users\/2"}],"replies":[{"embeddable":true,"href":"https:\/\/staging.macabro.mx\/en\/wp-json\/wp\/v2\/comments?post=2824"}],"version-history":[{"count":2,"href":"https:\/\/staging.macabro.mx\/en\/wp-json\/wp\/v2\/posts\/2824\/revisions"}],"predecessor-version":[{"id":2827,"href":"https:\/\/staging.macabro.mx\/en\/wp-json\/wp\/v2\/posts\/2824\/revisions\/2827"}],"wp:featuredmedia":[{"embeddable":true,"href":"https:\/\/staging.macabro.mx\/en\/wp-json\/wp\/v2\/media\/2825"}],"wp:attachment":[{"href":"https:\/\/staging.macabro.mx\/en\/wp-json\/wp\/v2\/media?parent=2824"}],"wp:term":[{"taxonomy":"category","embeddable":true,"href":"https:\/\/staging.macabro.mx\/en\/wp-json\/wp\/v2\/categories?post=2824"},{"taxonomy":"post_tag","embeddable":true,"href":"https:\/\/staging.macabro.mx\/en\/wp-json\/wp\/v2\/tags?post=2824"},{"taxonomy":"festival_year","embeddable":true,"href":"https:\/\/staging.macabro.mx\/en\/wp-json\/wp\/v2\/festival_year?post=2824"}],"curies":[{"name":"wp","href":"https:\/\/api.w.org\/{rel}","templated":true}]}}