{"id":2592,"date":"2018-06-04T10:45:35","date_gmt":"2018-06-04T15:45:35","guid":{"rendered":"https:\/\/staging.macabro.mx\/?p=2592"},"modified":"2018-06-04T14:15:15","modified_gmt":"2018-06-04T19:15:15","slug":"macabro-xvii-alucarda-cumple-40-anos","status":"publish","type":"post","link":"https:\/\/staging.macabro.mx\/en\/macabro-xvii-alucarda-cumple-40-anos\/","title":{"rendered":"#MACABRO XVII: ALUCARDA CUMPLE 40 A\u00d1OS"},"content":{"rendered":"<p><span style=\"color: #999999;\">HOMENAJE A TINA ROMERO, PROYECCI\u00d3N Y EDICI\u00d3N DE LIBRO CONMEMORATIVO<\/span><\/p>\n<p><span style=\"color: #ff0000;\">Con motivo de los 40 a\u00f1os del estreno de <em>Alucarda, la hija de las tinieblas<\/em>, dirigida por Juan L\u00f3pez Moctezuma en 1975 y estrenada en enero de 1978, Macabro ha preparado un homenaje con la proyecci\u00f3n de la cinta en una gala que tendr\u00e1 lugar en el patio Octavio Paz de la Biblioteca de M\u00e9xico; un homenaje a la actriz Tina Romero, quien encarna a Alucarda en la pel\u00edcula, y la edici\u00f3n de un libro conmemorativo.<\/span><\/p>\n<p><img loading=\"lazy\" decoding=\"async\" width=\"400\" height=\"324\" class=\"alignnone size-full wp-image-2244 aligncenter\" src=\"https:\/\/staging.macabro.mx\/wp-content\/uploads\/2017\/11\/aluc_01.jpg\" alt=\"aluc_01\" srcset=\"https:\/\/staging.macabro.mx\/wp-content\/uploads\/2017\/11\/aluc_01.jpg 400w, https:\/\/staging.macabro.mx\/wp-content\/uploads\/2017\/11\/aluc_01-250x203.jpg 250w, https:\/\/staging.macabro.mx\/wp-content\/uploads\/2017\/11\/aluc_01-120x97.jpg 120w\" sizes=\"auto, (max-width: 400px) 100vw, 400px\" \/><\/p>\n<p><span style=\"color: #999999;\">El primer encuentro entre Alucarda, el cine de Juan L\u00f3pez Moctezuma y Macabro FICH se dio en el a\u00f1o 2004, en el cual se realiz\u00f3 una retrospectiva en honor del cine de mencionado director mexicano en la Cineteca Nacional. Posteriormente, Macabro a trav\u00e9s de Edna Campos, directora y fundadora del festival, trabaja en la producci\u00f3n y el guion de <em>Alucardos, Retrato de un vampiro<\/em> (M\u00e9xico, 2011) junto a Ulises Guzm\u00e1n, director del documental.<\/span><\/p>\n<p><span style=\"color: #999999;\">Alucarda es la segunda pel\u00edcula del finado director Juan L\u00f3pez Moctezuma y es considerada uno de los filmes de culto m\u00e1s representativos del cine de g\u00e9nero en M\u00e9xico. Coproducci\u00f3n de M\u00e9xico y Estados Unidos, presenta la historia de dos hu\u00e9rfanas que viven en un convento en donde se da la lucha entre el bien y el mal, provocada por una permanente influencia diab\u00f3lica en la vida de Alucarda.<\/span><\/p>\n<p><span style=\"color: #999999;\">RECONOCIMIENTO A TINA ROMERO (ALUCARDA)<\/span><\/p>\n<p><span style=\"color: #999999;\">La actriz Tina Romero ser\u00e1 reconocida con el premio <strong>Juan L\u00f3pez Moctezuma,<\/strong> el cual se entrega desde 2011 a las personalidades del cine (directores, actores, cinefot\u00f3grafos, escritores cinematogr\u00e1ficos, productores y promotores) que hayan hecho una aportaci\u00f3n importante al cine de terror. El reconocimiento para Tina Romero se har\u00e1 por su interpretaci\u00f3n ic\u00f3nica del personaje de Alucarda. Anteriormente han recibido este reconocimiento: Cinematogr\u00e1fica Calder\u00f3n, Alfredo Gurrola, Elsa C\u00e1rdenas, Luigi Cozzi, Lamberto Bava, Stuart Gordon y Ken Foree.<\/span><\/p>\n<p><span style=\"color: #999999;\">Tina romero naci\u00f3\u00a0en la ciudad de\u00a0Nueva York,\u00a0Estados Unidos, hija de padres mexicanos, empez\u00f3 a residir en M\u00e9xico desde 1958. All\u00ed fue desarrollando sus aptitudes art\u00edsticas en distintas escuelas de actuaci\u00f3n y en 1975, a los 26 a\u00f1os, debut\u00f3 como protagonista con la controvertida pel\u00edcula de terror\u00a0<em>Alucarda, la hija de las tinieblas<\/em>, Ese mismo a\u00f1o particip\u00f3 en\u00a0<em>Chin Chin el teporocho<\/em>\u00a0y la cinta\u00a0<em>Las Poquianchis<\/em>.<\/span><\/p>\n<p><span style=\"color: #999999;\">En 1980 filma las cintas\u00a0<em>Estampas de Sor Juana<\/em>\u00a0y la telenovela\u00a0<em>Las grandes aguas<\/em>, para el a\u00f1o de 1982 hacer su debut en Hollywood dentro de la cinta\u00a0<em>Missing<\/em>\u00a0protagonizada por\u00a0Sissy Spacek. Para 1983 vuelve a M\u00e9xico y realiza la pel\u00edcula\u00a0<em>Las apariencias enga\u00f1an<\/em>. En 1984 a\u00f1o participa en las cintas\u00a0<em>Noche de carnaval<\/em>\u00a0and\u00a0<em>Mujeres salvajes<\/em>. En 1985 protagoniza la cinta\u00a0<em>Los n\u00e1ufragos del Liguria<\/em>\u00a0dirigida por su entonces esposo\u00a0Gabriel Retes.<\/span><\/p>\n<p><span style=\"color: #999999;\">Durante mucho tiempo combin\u00f3 su trabajo en cine con la televisi\u00f3n en la cual ha participado en telenovelas tales como <em>Santa<\/em>, <em>A\u00f1oranza, Las grandes aguas, El rinc\u00f3n de los prodigios y La casa al final de la calle, <\/em>entre otras.<\/span><\/p>\n<p><span style=\"color: #999999;\">ALUCARDA 40 (LIBRO CONMEMORATIVO)<\/span><\/p>\n<p><span style=\"color: #999999;\">La edici\u00f3n del libro conmemorativo Alucarda 40 incluir\u00e1 material gr\u00e1fico del acervo del propio Juan L\u00f3pez Moctezuma custodiado por Manuel Santill\u00e1n Dur\u00e1n, as\u00ed como textos de especialistas en el tema tales como Mauricio Matamoros, Rebeca Jim\u00e9nez Calero e Iv\u00e1n Far\u00edas, entre otros. La edici\u00f3n ser\u00e1 publicada por Samsara Editorial, coordinada por Edna Campos.<\/span><\/p>\n<p><span style=\"color: #999999;\">Macabro dedicar\u00e1 tambi\u00e9n su ya tradicional \u201cDanza Macabra\u201d con tem\u00e1tica dedicada a la pel\u00edcula, por lo que se pedir\u00e1 a los asistentes que vayan disfrazados como los personajes de la misma.<\/span><\/p>\n<p><img loading=\"lazy\" decoding=\"async\" width=\"700\" height=\"294\" class=\"alignnone size-large wp-image-2597 aligncenter\" src=\"https:\/\/staging.macabro.mx\/wp-content\/uploads\/2018\/06\/unnamed-22-700x294.jpg\" alt=\"unnamed (22)\" srcset=\"https:\/\/staging.macabro.mx\/wp-content\/uploads\/2018\/06\/unnamed-22-700x294.jpg 700w, https:\/\/staging.macabro.mx\/wp-content\/uploads\/2018\/06\/unnamed-22-250x105.jpg 250w, https:\/\/staging.macabro.mx\/wp-content\/uploads\/2018\/06\/unnamed-22-768x323.jpg 768w, https:\/\/staging.macabro.mx\/wp-content\/uploads\/2018\/06\/unnamed-22-120x50.jpg 120w, https:\/\/staging.macabro.mx\/wp-content\/uploads\/2018\/06\/unnamed-22.jpg 1000w\" sizes=\"auto, (max-width: 700px) 100vw, 700px\" \/><\/p>\n<p><span style=\"color: #999999;\">SOBRE MACABRO<\/span><\/p>\n<p><span style=\"color: #999999;\">Macabro es el primer festival de cine de g\u00e9nero en M\u00e9xico y el segundo en Latinoam\u00e9rica despu\u00e9s del Buenos Aires Rojo Sangre.\u00a0 Fue creado como un espacio de exhibici\u00f3n para el cine de horror contempor\u00e1neo as\u00ed como del rescate y revaloraci\u00f3n del cine cl\u00e1sico y de culto, el impulso al desarrollo de la creaci\u00f3n mexicana y latinoamericana del mismo; la revisi\u00f3n hist\u00f3rica y el apoyo al talento emergente, con un modelo de programaci\u00f3n que ha marcado un antes y un despu\u00e9s en la exhibici\u00f3n cinematogr\u00e1fica del cine de horror y fant\u00e1stico en M\u00e9xico.<\/span><\/p>\n<p><span style=\"color: #999999;\">Su sede es la Ciudad de M\u00e9xico, desde su creaci\u00f3n en 2002, donde ha echado profundas ra\u00edces y se ha enfocado de la creaci\u00f3n de p\u00fablicos para el g\u00e9nero y sus diferentes expresiones.<\/span><\/p>\n<p><span style=\"color: #999999;\">El festival es un proyecto cultural independiente que cuenta con el apoyo y el reconocimiento del gobierno de la Ciudad de M\u00e9xico a trav\u00e9s de la Secretar\u00eda de Cultura y del PROCINE, la Cineteca Nacional, el Instituto Mexicano de Cinematograf\u00eda y la Universidad Nacional Aut\u00f3noma de M\u00e9xico, entre otras instituciones. En casi 17 a\u00f1os se ha consolidado como uno de los festivales m\u00e1s respetados del circuito en M\u00e9xico y Latinoam\u00e9rica. Medios internacionales como la <em>Movie Maker Magazine <\/em>en su edici\u00f3n de octubre de 2017, lo han incluido como uno de los 15 festivales m\u00e1s esperados en el mundo dentro del circuito especializado para 2018.<\/span><\/p>\n<p style=\"text-align: center;\"><span style=\"color: #999999;\">www.macabro.mx<\/span><\/p>\n<p style=\"text-align: center;\"><span style=\"color: #999999;\">Facebook\/MacabroFich | Twitter\/MacabroFich |\u00a0Instagram\/MacabroFich | Youtube\/MacabroFichChannel<\/span><\/p>\n<p>&nbsp;<\/p>","protected":false},"excerpt":{"rendered":"HOMENAJE A TINA ROMERO, PROYECCI\u00d3N Y EDICI\u00d3N DE LIBRO CONMEMORATIVO Con motivo de los 40 a\u00f1os del estreno de Alucarda, la hija de las tinieblas, dirigida por Juan L\u00f3pez Moctezuma en 1975 y estrenada en enero de 1978, Macabro ha preparado un homenaje con la proyecci\u00f3n de la cinta en una gala que tendr\u00e1 lugar","protected":false},"author":2,"featured_media":2597,"comment_status":"open","ping_status":"open","sticky":false,"template":"","format":"standard","meta":{"_acf_changed":false,"footnotes":""},"categories":[2],"tags":[575,834,835,558,65,416,43,226,129,277,23,54,605,391,580],"festival_year":[],"class_list":["post-2592","post","type-post","status-publish","format-standard","has-post-thumbnail","hentry","category-diario-macabro","tag-alucarda","tag-alucarda-40-aniversario","tag-alucardos","tag-biblioteca-de-mexico","tag-cdmx","tag-cine-de-terror-mexicano","tag-cine-mexicano","tag-cineteca-nacional","tag-horror-film-festivals","tag-macabro-cdmx","tag-macabro-fich","tag-macabro-film-festival","tag-macabro-xvii","tag-procine","tag-tina-romero"],"acf":[],"yoast_head":"<!-- This site is optimized with the Yoast SEO plugin v27.2 - https:\/\/yoast.com\/product\/yoast-seo-wordpress\/ -->\n<title>#MACABRO XVII: ALUCARDA CUMPLE 40 A\u00d1OS | Macabro<\/title>\n<meta name=\"robots\" content=\"index, follow, max-snippet:-1, max-image-preview:large, max-video-preview:-1\" \/>\n<link rel=\"canonical\" href=\"https:\/\/staging.macabro.mx\/en\/macabro-xvii-alucarda-cumple-40-anos\/\" \/>\n<meta property=\"og:locale\" content=\"en_US\" \/>\n<meta property=\"og:type\" content=\"article\" \/>\n<meta property=\"og:title\" content=\"#MACABRO XVII: ALUCARDA CUMPLE 40 A\u00d1OS | Macabro\" \/>\n<meta property=\"og:description\" content=\"HOMENAJE A TINA ROMERO, PROYECCI\u00d3N Y EDICI\u00d3N DE LIBRO CONMEMORATIVO Con motivo de los 40 a\u00f1os del estreno de Alucarda, la hija de las tinieblas, dirigida por Juan L\u00f3pez Moctezuma en 1975 y estrenada en enero de 1978, Macabro ha preparado un homenaje con la proyecci\u00f3n de la cinta en una gala que tendr\u00e1 lugar\" \/>\n<meta property=\"og:url\" content=\"https:\/\/staging.macabro.mx\/en\/macabro-xvii-alucarda-cumple-40-anos\/\" \/>\n<meta property=\"og:site_name\" content=\"Macabro\" \/>\n<meta property=\"article:publisher\" content=\"https:\/\/www.facebook.com\/MacabroFICH\" \/>\n<meta property=\"article:published_time\" content=\"2018-06-04T15:45:35+00:00\" \/>\n<meta property=\"article:modified_time\" content=\"2018-06-04T19:15:15+00:00\" \/>\n<meta property=\"og:image\" content=\"https:\/\/staging.macabro.mx\/wp-content\/uploads\/2018\/06\/unnamed-22.jpg\" \/>\n\t<meta property=\"og:image:width\" content=\"1000\" \/>\n\t<meta property=\"og:image:height\" content=\"420\" \/>\n\t<meta property=\"og:image:type\" content=\"image\/jpeg\" \/>\n<meta name=\"author\" content=\"Diario Macabro\" \/>\n<meta name=\"twitter:card\" content=\"summary_large_image\" \/>\n<meta name=\"twitter:creator\" content=\"@MacabroFICH\" \/>\n<meta name=\"twitter:site\" content=\"@MacabroFICH\" \/>\n<meta name=\"twitter:label1\" content=\"Written by\" \/>\n\t<meta name=\"twitter:data1\" content=\"Diario Macabro\" \/>\n\t<meta name=\"twitter:label2\" content=\"Est. reading time\" \/>\n\t<meta name=\"twitter:data2\" content=\"4 minutes\" \/>\n<script type=\"application\/ld+json\" class=\"yoast-schema-graph\">{\"@context\":\"https:\/\/schema.org\",\"@graph\":[{\"@type\":\"Article\",\"@id\":\"https:\/\/staging.macabro.mx\/macabro-xvii-alucarda-cumple-40-anos\/#article\",\"isPartOf\":{\"@id\":\"https:\/\/staging.macabro.mx\/macabro-xvii-alucarda-cumple-40-anos\/\"},\"author\":{\"name\":\"Diario Macabro\",\"@id\":\"https:\/\/staging.macabro.mx\/#\/schema\/person\/cb1d7e57b8371a3558481dab1425691d\"},\"headline\":\"#MACABRO XVII: ALUCARDA CUMPLE 40 A\u00d1OS\",\"datePublished\":\"2018-06-04T15:45:35+00:00\",\"dateModified\":\"2018-06-04T19:15:15+00:00\",\"mainEntityOfPage\":{\"@id\":\"https:\/\/staging.macabro.mx\/macabro-xvii-alucarda-cumple-40-anos\/\"},\"wordCount\":903,\"commentCount\":0,\"publisher\":{\"@id\":\"https:\/\/staging.macabro.mx\/#organization\"},\"image\":{\"@id\":\"https:\/\/staging.macabro.mx\/macabro-xvii-alucarda-cumple-40-anos\/#primaryimage\"},\"thumbnailUrl\":\"https:\/\/staging.macabro.mx\/wp-content\/uploads\/2018\/06\/unnamed-22.jpg\",\"keywords\":[\"Alucarda\",\"Alucarda 40 aniversario\",\"Alucardos\",\"Biblioteca de M\u00e9xico\",\"CDMX\",\"cine de terror mexicano\",\"cine mexicano\",\"Cineteca Nacional\",\"Horror Film Festivals\",\"Macabro CDMX\",\"Macabro FICH\",\"Macabro Film Festival\",\"Macabro XVII\",\"Procine\",\"Tina Romero\"],\"articleSection\":[\"Diario Macabro\"],\"inLanguage\":\"en-US\",\"potentialAction\":[{\"@type\":\"CommentAction\",\"name\":\"Comment\",\"target\":[\"https:\/\/staging.macabro.mx\/macabro-xvii-alucarda-cumple-40-anos\/#respond\"]}]},{\"@type\":\"WebPage\",\"@id\":\"https:\/\/staging.macabro.mx\/macabro-xvii-alucarda-cumple-40-anos\/\",\"url\":\"https:\/\/staging.macabro.mx\/macabro-xvii-alucarda-cumple-40-anos\/\",\"name\":\"#MACABRO XVII: ALUCARDA CUMPLE 40 A\u00d1OS | Macabro\",\"isPartOf\":{\"@id\":\"https:\/\/staging.macabro.mx\/#website\"},\"primaryImageOfPage\":{\"@id\":\"https:\/\/staging.macabro.mx\/macabro-xvii-alucarda-cumple-40-anos\/#primaryimage\"},\"image\":{\"@id\":\"https:\/\/staging.macabro.mx\/macabro-xvii-alucarda-cumple-40-anos\/#primaryimage\"},\"thumbnailUrl\":\"https:\/\/staging.macabro.mx\/wp-content\/uploads\/2018\/06\/unnamed-22.jpg\",\"datePublished\":\"2018-06-04T15:45:35+00:00\",\"dateModified\":\"2018-06-04T19:15:15+00:00\",\"breadcrumb\":{\"@id\":\"https:\/\/staging.macabro.mx\/macabro-xvii-alucarda-cumple-40-anos\/#breadcrumb\"},\"inLanguage\":\"en-US\",\"potentialAction\":[{\"@type\":\"ReadAction\",\"target\":[\"https:\/\/staging.macabro.mx\/macabro-xvii-alucarda-cumple-40-anos\/\"]}]},{\"@type\":\"ImageObject\",\"inLanguage\":\"en-US\",\"@id\":\"https:\/\/staging.macabro.mx\/macabro-xvii-alucarda-cumple-40-anos\/#primaryimage\",\"url\":\"https:\/\/staging.macabro.mx\/wp-content\/uploads\/2018\/06\/unnamed-22.jpg\",\"contentUrl\":\"https:\/\/staging.macabro.mx\/wp-content\/uploads\/2018\/06\/unnamed-22.jpg\",\"width\":1000,\"height\":420},{\"@type\":\"BreadcrumbList\",\"@id\":\"https:\/\/staging.macabro.mx\/macabro-xvii-alucarda-cumple-40-anos\/#breadcrumb\",\"itemListElement\":[{\"@type\":\"ListItem\",\"position\":1,\"name\":\"Home\",\"item\":\"https:\/\/staging.macabro.mx\/\"},{\"@type\":\"ListItem\",\"position\":2,\"name\":\"Diario Macabro\",\"item\":\"https:\/\/staging.macabro.mx\/category\/diario-macabro\/\"},{\"@type\":\"ListItem\",\"position\":3,\"name\":\"#MACABRO XVII: ALUCARDA CUMPLE 40 A\u00d1OS\"}]},{\"@type\":\"WebSite\",\"@id\":\"https:\/\/staging.macabro.mx\/#website\",\"url\":\"https:\/\/staging.macabro.mx\/\",\"name\":\"Macabro\",\"description\":\"Festival Internacional de Cine de Horror\",\"publisher\":{\"@id\":\"https:\/\/staging.macabro.mx\/#organization\"},\"potentialAction\":[{\"@type\":\"SearchAction\",\"target\":{\"@type\":\"EntryPoint\",\"urlTemplate\":\"https:\/\/staging.macabro.mx\/?s={search_term_string}\"},\"query-input\":{\"@type\":\"PropertyValueSpecification\",\"valueRequired\":true,\"valueName\":\"search_term_string\"}}],\"inLanguage\":\"en-US\"},{\"@type\":\"Organization\",\"@id\":\"https:\/\/staging.macabro.mx\/#organization\",\"name\":\"Macabro Film Festival 2025\",\"url\":\"https:\/\/staging.macabro.mx\/\",\"logo\":{\"@type\":\"ImageObject\",\"inLanguage\":\"en-US\",\"@id\":\"https:\/\/staging.macabro.mx\/#\/schema\/logo\/image\/\",\"url\":\"https:\/\/staging.macabro.mx\/wp-content\/uploads\/2020\/11\/logo-macabro.png\",\"contentUrl\":\"https:\/\/staging.macabro.mx\/wp-content\/uploads\/2020\/11\/logo-macabro.png\",\"width\":870,\"height\":336,\"caption\":\"Macabro Film Festival 2025\"},\"image\":{\"@id\":\"https:\/\/staging.macabro.mx\/#\/schema\/logo\/image\/\"},\"sameAs\":[\"https:\/\/www.facebook.com\/MacabroFICH\",\"https:\/\/x.com\/MacabroFICH\",\"https:\/\/www.instagram.com\/macabrofich\/\",\"https:\/\/www.youtube.com\/user\/macabrofest\"]},{\"@type\":\"Person\",\"@id\":\"https:\/\/staging.macabro.mx\/#\/schema\/person\/cb1d7e57b8371a3558481dab1425691d\",\"name\":\"Diario Macabro\",\"image\":{\"@type\":\"ImageObject\",\"inLanguage\":\"en-US\",\"@id\":\"https:\/\/secure.gravatar.com\/avatar\/c503ddb7b9ab82ba0cd034365e426a9406aee5285d5579fbb648e22029e78d98?s=96&d=mm&r=g\",\"url\":\"https:\/\/secure.gravatar.com\/avatar\/c503ddb7b9ab82ba0cd034365e426a9406aee5285d5579fbb648e22029e78d98?s=96&d=mm&r=g\",\"contentUrl\":\"https:\/\/secure.gravatar.com\/avatar\/c503ddb7b9ab82ba0cd034365e426a9406aee5285d5579fbb648e22029e78d98?s=96&d=mm&r=g\",\"caption\":\"Diario Macabro\"},\"url\":\"https:\/\/staging.macabro.mx\/en\/author\/diario-macabro\/\"}]}<\/script>\n<!-- \/ Yoast SEO plugin. -->","yoast_head_json":{"title":"#MACABRO XVII: ALUCARDA CUMPLE 40 A\u00d1OS | Macabro","robots":{"index":"index","follow":"follow","max-snippet":"max-snippet:-1","max-image-preview":"max-image-preview:large","max-video-preview":"max-video-preview:-1"},"canonical":"https:\/\/staging.macabro.mx\/en\/macabro-xvii-alucarda-cumple-40-anos\/","og_locale":"en_US","og_type":"article","og_title":"#MACABRO XVII: ALUCARDA CUMPLE 40 A\u00d1OS | Macabro","og_description":"HOMENAJE A TINA ROMERO, PROYECCI\u00d3N Y EDICI\u00d3N DE LIBRO CONMEMORATIVO Con motivo de los 40 a\u00f1os del estreno de Alucarda, la hija de las tinieblas, dirigida por Juan L\u00f3pez Moctezuma en 1975 y estrenada en enero de 1978, Macabro ha preparado un homenaje con la proyecci\u00f3n de la cinta en una gala que tendr\u00e1 lugar","og_url":"https:\/\/staging.macabro.mx\/en\/macabro-xvii-alucarda-cumple-40-anos\/","og_site_name":"Macabro","article_publisher":"https:\/\/www.facebook.com\/MacabroFICH","article_published_time":"2018-06-04T15:45:35+00:00","article_modified_time":"2018-06-04T19:15:15+00:00","og_image":[{"width":1000,"height":420,"url":"https:\/\/staging.macabro.mx\/wp-content\/uploads\/2018\/06\/unnamed-22.jpg","type":"image\/jpeg"}],"author":"Diario Macabro","twitter_card":"summary_large_image","twitter_creator":"@MacabroFICH","twitter_site":"@MacabroFICH","twitter_misc":{"Written by":"Diario Macabro","Est. reading time":"4 minutes"},"schema":{"@context":"https:\/\/schema.org","@graph":[{"@type":"Article","@id":"https:\/\/staging.macabro.mx\/macabro-xvii-alucarda-cumple-40-anos\/#article","isPartOf":{"@id":"https:\/\/staging.macabro.mx\/macabro-xvii-alucarda-cumple-40-anos\/"},"author":{"name":"Diario Macabro","@id":"https:\/\/staging.macabro.mx\/#\/schema\/person\/cb1d7e57b8371a3558481dab1425691d"},"headline":"#MACABRO XVII: ALUCARDA CUMPLE 40 A\u00d1OS","datePublished":"2018-06-04T15:45:35+00:00","dateModified":"2018-06-04T19:15:15+00:00","mainEntityOfPage":{"@id":"https:\/\/staging.macabro.mx\/macabro-xvii-alucarda-cumple-40-anos\/"},"wordCount":903,"commentCount":0,"publisher":{"@id":"https:\/\/staging.macabro.mx\/#organization"},"image":{"@id":"https:\/\/staging.macabro.mx\/macabro-xvii-alucarda-cumple-40-anos\/#primaryimage"},"thumbnailUrl":"https:\/\/staging.macabro.mx\/wp-content\/uploads\/2018\/06\/unnamed-22.jpg","keywords":["Alucarda","Alucarda 40 aniversario","Alucardos","Biblioteca de M\u00e9xico","CDMX","cine de terror mexicano","cine mexicano","Cineteca Nacional","Horror Film Festivals","Macabro CDMX","Macabro FICH","Macabro Film Festival","Macabro XVII","Procine","Tina Romero"],"articleSection":["Diario Macabro"],"inLanguage":"en-US","potentialAction":[{"@type":"CommentAction","name":"Comment","target":["https:\/\/staging.macabro.mx\/macabro-xvii-alucarda-cumple-40-anos\/#respond"]}]},{"@type":"WebPage","@id":"https:\/\/staging.macabro.mx\/macabro-xvii-alucarda-cumple-40-anos\/","url":"https:\/\/staging.macabro.mx\/macabro-xvii-alucarda-cumple-40-anos\/","name":"#MACABRO XVII: ALUCARDA CUMPLE 40 A\u00d1OS | Macabro","isPartOf":{"@id":"https:\/\/staging.macabro.mx\/#website"},"primaryImageOfPage":{"@id":"https:\/\/staging.macabro.mx\/macabro-xvii-alucarda-cumple-40-anos\/#primaryimage"},"image":{"@id":"https:\/\/staging.macabro.mx\/macabro-xvii-alucarda-cumple-40-anos\/#primaryimage"},"thumbnailUrl":"https:\/\/staging.macabro.mx\/wp-content\/uploads\/2018\/06\/unnamed-22.jpg","datePublished":"2018-06-04T15:45:35+00:00","dateModified":"2018-06-04T19:15:15+00:00","breadcrumb":{"@id":"https:\/\/staging.macabro.mx\/macabro-xvii-alucarda-cumple-40-anos\/#breadcrumb"},"inLanguage":"en-US","potentialAction":[{"@type":"ReadAction","target":["https:\/\/staging.macabro.mx\/macabro-xvii-alucarda-cumple-40-anos\/"]}]},{"@type":"ImageObject","inLanguage":"en-US","@id":"https:\/\/staging.macabro.mx\/macabro-xvii-alucarda-cumple-40-anos\/#primaryimage","url":"https:\/\/staging.macabro.mx\/wp-content\/uploads\/2018\/06\/unnamed-22.jpg","contentUrl":"https:\/\/staging.macabro.mx\/wp-content\/uploads\/2018\/06\/unnamed-22.jpg","width":1000,"height":420},{"@type":"BreadcrumbList","@id":"https:\/\/staging.macabro.mx\/macabro-xvii-alucarda-cumple-40-anos\/#breadcrumb","itemListElement":[{"@type":"ListItem","position":1,"name":"Home","item":"https:\/\/staging.macabro.mx\/"},{"@type":"ListItem","position":2,"name":"Diario Macabro","item":"https:\/\/staging.macabro.mx\/category\/diario-macabro\/"},{"@type":"ListItem","position":3,"name":"#MACABRO XVII: ALUCARDA CUMPLE 40 A\u00d1OS"}]},{"@type":"WebSite","@id":"https:\/\/staging.macabro.mx\/#website","url":"https:\/\/staging.macabro.mx\/","name":"Macabro","description":"Festival Internacional de Cine de Horror","publisher":{"@id":"https:\/\/staging.macabro.mx\/#organization"},"potentialAction":[{"@type":"SearchAction","target":{"@type":"EntryPoint","urlTemplate":"https:\/\/staging.macabro.mx\/?s={search_term_string}"},"query-input":{"@type":"PropertyValueSpecification","valueRequired":true,"valueName":"search_term_string"}}],"inLanguage":"en-US"},{"@type":"Organization","@id":"https:\/\/staging.macabro.mx\/#organization","name":"Macabro Film Festival 2025","url":"https:\/\/staging.macabro.mx\/","logo":{"@type":"ImageObject","inLanguage":"en-US","@id":"https:\/\/staging.macabro.mx\/#\/schema\/logo\/image\/","url":"https:\/\/staging.macabro.mx\/wp-content\/uploads\/2020\/11\/logo-macabro.png","contentUrl":"https:\/\/staging.macabro.mx\/wp-content\/uploads\/2020\/11\/logo-macabro.png","width":870,"height":336,"caption":"Macabro Film Festival 2025"},"image":{"@id":"https:\/\/staging.macabro.mx\/#\/schema\/logo\/image\/"},"sameAs":["https:\/\/www.facebook.com\/MacabroFICH","https:\/\/x.com\/MacabroFICH","https:\/\/www.instagram.com\/macabrofich\/","https:\/\/www.youtube.com\/user\/macabrofest"]},{"@type":"Person","@id":"https:\/\/staging.macabro.mx\/#\/schema\/person\/cb1d7e57b8371a3558481dab1425691d","name":"Diario Macabro","image":{"@type":"ImageObject","inLanguage":"en-US","@id":"https:\/\/secure.gravatar.com\/avatar\/c503ddb7b9ab82ba0cd034365e426a9406aee5285d5579fbb648e22029e78d98?s=96&d=mm&r=g","url":"https:\/\/secure.gravatar.com\/avatar\/c503ddb7b9ab82ba0cd034365e426a9406aee5285d5579fbb648e22029e78d98?s=96&d=mm&r=g","contentUrl":"https:\/\/secure.gravatar.com\/avatar\/c503ddb7b9ab82ba0cd034365e426a9406aee5285d5579fbb648e22029e78d98?s=96&d=mm&r=g","caption":"Diario Macabro"},"url":"https:\/\/staging.macabro.mx\/en\/author\/diario-macabro\/"}]}},"_links":{"self":[{"href":"https:\/\/staging.macabro.mx\/en\/wp-json\/wp\/v2\/posts\/2592","targetHints":{"allow":["GET"]}}],"collection":[{"href":"https:\/\/staging.macabro.mx\/en\/wp-json\/wp\/v2\/posts"}],"about":[{"href":"https:\/\/staging.macabro.mx\/en\/wp-json\/wp\/v2\/types\/post"}],"author":[{"embeddable":true,"href":"https:\/\/staging.macabro.mx\/en\/wp-json\/wp\/v2\/users\/2"}],"replies":[{"embeddable":true,"href":"https:\/\/staging.macabro.mx\/en\/wp-json\/wp\/v2\/comments?post=2592"}],"version-history":[{"count":6,"href":"https:\/\/staging.macabro.mx\/en\/wp-json\/wp\/v2\/posts\/2592\/revisions"}],"predecessor-version":[{"id":2601,"href":"https:\/\/staging.macabro.mx\/en\/wp-json\/wp\/v2\/posts\/2592\/revisions\/2601"}],"wp:featuredmedia":[{"embeddable":true,"href":"https:\/\/staging.macabro.mx\/en\/wp-json\/wp\/v2\/media\/2597"}],"wp:attachment":[{"href":"https:\/\/staging.macabro.mx\/en\/wp-json\/wp\/v2\/media?parent=2592"}],"wp:term":[{"taxonomy":"category","embeddable":true,"href":"https:\/\/staging.macabro.mx\/en\/wp-json\/wp\/v2\/categories?post=2592"},{"taxonomy":"post_tag","embeddable":true,"href":"https:\/\/staging.macabro.mx\/en\/wp-json\/wp\/v2\/tags?post=2592"},{"taxonomy":"festival_year","embeddable":true,"href":"https:\/\/staging.macabro.mx\/en\/wp-json\/wp\/v2\/festival_year?post=2592"}],"curies":[{"name":"wp","href":"https:\/\/api.w.org\/{rel}","templated":true}]}}