{"id":2139,"date":"2017-08-16T09:25:46","date_gmt":"2017-08-16T14:25:46","guid":{"rendered":"https:\/\/staging.macabro.mx\/?p=2139"},"modified":"2017-09-11T13:01:38","modified_gmt":"2017-09-11T18:01:38","slug":"recomendacionpurga-rec","status":"publish","type":"post","link":"https:\/\/staging.macabro.mx\/en\/recomendacionpurga-rec\/","title":{"rendered":"#RecomendacionPurga: REC"},"content":{"rendered":"<p><span style=\"color: #ff0000;\">REC (Espa\u00f1a, Jaume Balaguer\u00f3 y Paco Plaza, 2007)<\/span><\/p>\n<p>Por: Diego Vilchis (@silens_aeternum)<\/p>\n<p>Jaume Balaguer\u00f3 y Paco Plaza escribieron y dirigieron esta pel\u00edcula multiganadora en el Festival de Sitges en 2007, vali\u00e9ndose de combinar la t\u00e9cnica del <em>found footage<\/em> para narrar uno de los episodios m\u00e1s din\u00e1micos y tensos del apocalipsis zombie.<\/p>\n<p><em>REC<\/em> es una de las cartas principales en el resurgimiento de este subg\u00e9nero, tanto por el uso de la c\u00e1mara en primera persona como por la forma en la que da cuenta de la infecci\u00f3n viral; combinados, dan como resultado una parafernalia cuyo desenlace le da un vuelco inesperado a la historia.\u00a0Todos alrededor comienzan a infectarse, y en su mirada s\u00f3lo hay ira. El terror comienza a esparcirse.<\/p>\n<p>Imperdible para los amantes de los virus, los escenarios apocal\u00edpticos, los infectados furiosos y las im\u00e1genes inestables.<\/p>\n<p>Ya puedes ver este t\u00edtulo entrando al enlace de\u00a0<span style=\"color: #ff9900;\"><a style=\"color: #ff9900;\" href=\"https:\/\/goo.gl\/1pPg1o\">PURGA.TV<\/a><\/span>\u00a0y obtener\u00a0una promoci\u00f3n en tu suscripci\u00f3n con un mes gratis de prueba\u00a0y 3 meses por solo 89 pesos mensuales.<\/p>\n<p><img loading=\"lazy\" decoding=\"async\" width=\"500\" height=\"692\" class=\"alignnone size-full wp-image-2140 aligncenter\" src=\"https:\/\/staging.macabro.mx\/wp-content\/uploads\/2017\/08\/hfv0m3bt.jpg\" alt=\"hfv0m3bt\" srcset=\"https:\/\/staging.macabro.mx\/wp-content\/uploads\/2017\/08\/hfv0m3bt.jpg 500w, https:\/\/staging.macabro.mx\/wp-content\/uploads\/2017\/08\/hfv0m3bt-250x346.jpg 250w, https:\/\/staging.macabro.mx\/wp-content\/uploads\/2017\/08\/hfv0m3bt-120x166.jpg 120w\" sizes=\"auto, (max-width: 500px) 100vw, 500px\" \/><\/p>","protected":false},"excerpt":{"rendered":"REC (Espa\u00f1a, Jaume Balaguer\u00f3 y Paco Plaza, 2007) Por: Diego Vilchis (@silens_aeternum) Jaume Balaguer\u00f3 y Paco Plaza escribieron y dirigieron esta pel\u00edcula multiganadora en el Festival de Sitges en 2007, vali\u00e9ndose de combinar la t\u00e9cnica del found footage para narrar uno de los episodios m\u00e1s din\u00e1micos y tensos del apocalipsis zombie. REC es una de","protected":false},"author":2,"featured_media":2140,"comment_status":"open","ping_status":"open","sticky":false,"template":"","format":"standard","meta":{"_acf_changed":false,"footnotes":""},"categories":[1],"tags":[20,215,48,513,23,514,510,511,509,512,515,50,516],"festival_year":[],"class_list":["post-2139","post","type-post","status-publish","format-standard","has-post-thumbnail","hentry","category-uncategorized","tag-cine-de-terror","tag-cine-espanol","tag-horror-films","tag-jaume-balaguero","tag-macabro-fich","tag-paco-plaza","tag-purga","tag-purga-tv","tag-rec","tag-recomendaciones-purga","tag-spanish-horror-cinema","tag-streaming","tag-zombies"],"acf":[],"yoast_head":"<!-- This site is optimized with the Yoast SEO plugin v27.2 - https:\/\/yoast.com\/product\/yoast-seo-wordpress\/ -->\n<title>#RecomendacionPurga: REC | Macabro<\/title>\n<meta name=\"robots\" content=\"index, follow, max-snippet:-1, max-image-preview:large, max-video-preview:-1\" \/>\n<link rel=\"canonical\" href=\"https:\/\/staging.macabro.mx\/en\/recomendacionpurga-rec\/\" \/>\n<meta property=\"og:locale\" content=\"en_US\" \/>\n<meta property=\"og:type\" content=\"article\" \/>\n<meta property=\"og:title\" content=\"#RecomendacionPurga: REC | Macabro\" \/>\n<meta property=\"og:description\" content=\"REC (Espa\u00f1a, Jaume Balaguer\u00f3 y Paco Plaza, 2007) Por: Diego Vilchis (@silens_aeternum) Jaume Balaguer\u00f3 y Paco Plaza escribieron y dirigieron esta pel\u00edcula multiganadora en el Festival de Sitges en 2007, vali\u00e9ndose de combinar la t\u00e9cnica del found footage para narrar uno de los episodios m\u00e1s din\u00e1micos y tensos del apocalipsis zombie. REC es una de\" \/>\n<meta property=\"og:url\" content=\"https:\/\/staging.macabro.mx\/en\/recomendacionpurga-rec\/\" \/>\n<meta property=\"og:site_name\" content=\"Macabro\" \/>\n<meta property=\"article:publisher\" content=\"https:\/\/www.facebook.com\/MacabroFICH\" \/>\n<meta property=\"article:published_time\" content=\"2017-08-16T14:25:46+00:00\" \/>\n<meta property=\"article:modified_time\" content=\"2017-09-11T18:01:38+00:00\" \/>\n<meta property=\"og:image\" content=\"https:\/\/staging.macabro.mx\/wp-content\/uploads\/2017\/08\/hfv0m3bt.jpg\" \/>\n\t<meta property=\"og:image:width\" content=\"500\" \/>\n\t<meta property=\"og:image:height\" content=\"692\" \/>\n\t<meta property=\"og:image:type\" content=\"image\/jpeg\" \/>\n<meta name=\"author\" content=\"Diario Macabro\" \/>\n<meta name=\"twitter:card\" content=\"summary_large_image\" \/>\n<meta name=\"twitter:creator\" content=\"@MacabroFICH\" \/>\n<meta name=\"twitter:site\" content=\"@MacabroFICH\" \/>\n<meta name=\"twitter:label1\" content=\"Written by\" \/>\n\t<meta name=\"twitter:data1\" content=\"Diario Macabro\" \/>\n\t<meta name=\"twitter:label2\" content=\"Est. reading time\" \/>\n\t<meta name=\"twitter:data2\" content=\"1 minute\" \/>\n<script type=\"application\/ld+json\" class=\"yoast-schema-graph\">{\"@context\":\"https:\/\/schema.org\",\"@graph\":[{\"@type\":\"Article\",\"@id\":\"https:\/\/staging.macabro.mx\/recomendacionpurga-rec\/#article\",\"isPartOf\":{\"@id\":\"https:\/\/staging.macabro.mx\/recomendacionpurga-rec\/\"},\"author\":{\"name\":\"Diario Macabro\",\"@id\":\"https:\/\/staging.macabro.mx\/#\/schema\/person\/cb1d7e57b8371a3558481dab1425691d\"},\"headline\":\"#RecomendacionPurga: REC\",\"datePublished\":\"2017-08-16T14:25:46+00:00\",\"dateModified\":\"2017-09-11T18:01:38+00:00\",\"mainEntityOfPage\":{\"@id\":\"https:\/\/staging.macabro.mx\/recomendacionpurga-rec\/\"},\"wordCount\":183,\"commentCount\":0,\"publisher\":{\"@id\":\"https:\/\/staging.macabro.mx\/#organization\"},\"image\":{\"@id\":\"https:\/\/staging.macabro.mx\/recomendacionpurga-rec\/#primaryimage\"},\"thumbnailUrl\":\"https:\/\/staging.macabro.mx\/wp-content\/uploads\/2017\/08\/hfv0m3bt.jpg\",\"keywords\":[\"cine de terror\",\"Cine espa\u00f1ol\",\"Horror Films\",\"Jaume Balaguero\",\"Macabro FICH\",\"Paco Plaza\",\"Purga\",\"Purga TV\",\"Rec\",\"Recomendaciones Purga\",\"Spanish horror cinema\",\"Streaming\",\"Zombies\"],\"inLanguage\":\"en-US\",\"potentialAction\":[{\"@type\":\"CommentAction\",\"name\":\"Comment\",\"target\":[\"https:\/\/staging.macabro.mx\/recomendacionpurga-rec\/#respond\"]}]},{\"@type\":\"WebPage\",\"@id\":\"https:\/\/staging.macabro.mx\/recomendacionpurga-rec\/\",\"url\":\"https:\/\/staging.macabro.mx\/recomendacionpurga-rec\/\",\"name\":\"#RecomendacionPurga: REC | Macabro\",\"isPartOf\":{\"@id\":\"https:\/\/staging.macabro.mx\/#website\"},\"primaryImageOfPage\":{\"@id\":\"https:\/\/staging.macabro.mx\/recomendacionpurga-rec\/#primaryimage\"},\"image\":{\"@id\":\"https:\/\/staging.macabro.mx\/recomendacionpurga-rec\/#primaryimage\"},\"thumbnailUrl\":\"https:\/\/staging.macabro.mx\/wp-content\/uploads\/2017\/08\/hfv0m3bt.jpg\",\"datePublished\":\"2017-08-16T14:25:46+00:00\",\"dateModified\":\"2017-09-11T18:01:38+00:00\",\"breadcrumb\":{\"@id\":\"https:\/\/staging.macabro.mx\/recomendacionpurga-rec\/#breadcrumb\"},\"inLanguage\":\"en-US\",\"potentialAction\":[{\"@type\":\"ReadAction\",\"target\":[\"https:\/\/staging.macabro.mx\/recomendacionpurga-rec\/\"]}]},{\"@type\":\"ImageObject\",\"inLanguage\":\"en-US\",\"@id\":\"https:\/\/staging.macabro.mx\/recomendacionpurga-rec\/#primaryimage\",\"url\":\"https:\/\/staging.macabro.mx\/wp-content\/uploads\/2017\/08\/hfv0m3bt.jpg\",\"contentUrl\":\"https:\/\/staging.macabro.mx\/wp-content\/uploads\/2017\/08\/hfv0m3bt.jpg\",\"width\":500,\"height\":692},{\"@type\":\"BreadcrumbList\",\"@id\":\"https:\/\/staging.macabro.mx\/recomendacionpurga-rec\/#breadcrumb\",\"itemListElement\":[{\"@type\":\"ListItem\",\"position\":1,\"name\":\"Home\",\"item\":\"https:\/\/staging.macabro.mx\/\"},{\"@type\":\"ListItem\",\"position\":2,\"name\":\"Diario Macabro\",\"item\":\"https:\/\/staging.macabro.mx\/category\/diario-macabro\/\"},{\"@type\":\"ListItem\",\"position\":3,\"name\":\"Purga\",\"item\":\"https:\/\/staging.macabro.mx\/category\/diario-macabro\/purga\/\"},{\"@type\":\"ListItem\",\"position\":4,\"name\":\"#RecomendacionPurga: REC\"}]},{\"@type\":\"WebSite\",\"@id\":\"https:\/\/staging.macabro.mx\/#website\",\"url\":\"https:\/\/staging.macabro.mx\/\",\"name\":\"Macabro\",\"description\":\"Festival Internacional de Cine de Horror\",\"publisher\":{\"@id\":\"https:\/\/staging.macabro.mx\/#organization\"},\"potentialAction\":[{\"@type\":\"SearchAction\",\"target\":{\"@type\":\"EntryPoint\",\"urlTemplate\":\"https:\/\/staging.macabro.mx\/?s={search_term_string}\"},\"query-input\":{\"@type\":\"PropertyValueSpecification\",\"valueRequired\":true,\"valueName\":\"search_term_string\"}}],\"inLanguage\":\"en-US\"},{\"@type\":\"Organization\",\"@id\":\"https:\/\/staging.macabro.mx\/#organization\",\"name\":\"Macabro Film Festival 2025\",\"url\":\"https:\/\/staging.macabro.mx\/\",\"logo\":{\"@type\":\"ImageObject\",\"inLanguage\":\"en-US\",\"@id\":\"https:\/\/staging.macabro.mx\/#\/schema\/logo\/image\/\",\"url\":\"https:\/\/staging.macabro.mx\/wp-content\/uploads\/2020\/11\/logo-macabro.png\",\"contentUrl\":\"https:\/\/staging.macabro.mx\/wp-content\/uploads\/2020\/11\/logo-macabro.png\",\"width\":870,\"height\":336,\"caption\":\"Macabro Film Festival 2025\"},\"image\":{\"@id\":\"https:\/\/staging.macabro.mx\/#\/schema\/logo\/image\/\"},\"sameAs\":[\"https:\/\/www.facebook.com\/MacabroFICH\",\"https:\/\/x.com\/MacabroFICH\",\"https:\/\/www.instagram.com\/macabrofich\/\",\"https:\/\/www.youtube.com\/user\/macabrofest\"]},{\"@type\":\"Person\",\"@id\":\"https:\/\/staging.macabro.mx\/#\/schema\/person\/cb1d7e57b8371a3558481dab1425691d\",\"name\":\"Diario Macabro\",\"image\":{\"@type\":\"ImageObject\",\"inLanguage\":\"en-US\",\"@id\":\"https:\/\/secure.gravatar.com\/avatar\/c503ddb7b9ab82ba0cd034365e426a9406aee5285d5579fbb648e22029e78d98?s=96&d=mm&r=g\",\"url\":\"https:\/\/secure.gravatar.com\/avatar\/c503ddb7b9ab82ba0cd034365e426a9406aee5285d5579fbb648e22029e78d98?s=96&d=mm&r=g\",\"contentUrl\":\"https:\/\/secure.gravatar.com\/avatar\/c503ddb7b9ab82ba0cd034365e426a9406aee5285d5579fbb648e22029e78d98?s=96&d=mm&r=g\",\"caption\":\"Diario Macabro\"},\"url\":\"https:\/\/staging.macabro.mx\/en\/author\/diario-macabro\/\"}]}<\/script>\n<!-- \/ Yoast SEO plugin. -->","yoast_head_json":{"title":"#RecomendacionPurga: REC | Macabro","robots":{"index":"index","follow":"follow","max-snippet":"max-snippet:-1","max-image-preview":"max-image-preview:large","max-video-preview":"max-video-preview:-1"},"canonical":"https:\/\/staging.macabro.mx\/en\/recomendacionpurga-rec\/","og_locale":"en_US","og_type":"article","og_title":"#RecomendacionPurga: REC | Macabro","og_description":"REC (Espa\u00f1a, Jaume Balaguer\u00f3 y Paco Plaza, 2007) Por: Diego Vilchis (@silens_aeternum) Jaume Balaguer\u00f3 y Paco Plaza escribieron y dirigieron esta pel\u00edcula multiganadora en el Festival de Sitges en 2007, vali\u00e9ndose de combinar la t\u00e9cnica del found footage para narrar uno de los episodios m\u00e1s din\u00e1micos y tensos del apocalipsis zombie. REC es una de","og_url":"https:\/\/staging.macabro.mx\/en\/recomendacionpurga-rec\/","og_site_name":"Macabro","article_publisher":"https:\/\/www.facebook.com\/MacabroFICH","article_published_time":"2017-08-16T14:25:46+00:00","article_modified_time":"2017-09-11T18:01:38+00:00","og_image":[{"width":500,"height":692,"url":"https:\/\/staging.macabro.mx\/wp-content\/uploads\/2017\/08\/hfv0m3bt.jpg","type":"image\/jpeg"}],"author":"Diario Macabro","twitter_card":"summary_large_image","twitter_creator":"@MacabroFICH","twitter_site":"@MacabroFICH","twitter_misc":{"Written by":"Diario Macabro","Est. reading time":"1 minute"},"schema":{"@context":"https:\/\/schema.org","@graph":[{"@type":"Article","@id":"https:\/\/staging.macabro.mx\/recomendacionpurga-rec\/#article","isPartOf":{"@id":"https:\/\/staging.macabro.mx\/recomendacionpurga-rec\/"},"author":{"name":"Diario Macabro","@id":"https:\/\/staging.macabro.mx\/#\/schema\/person\/cb1d7e57b8371a3558481dab1425691d"},"headline":"#RecomendacionPurga: REC","datePublished":"2017-08-16T14:25:46+00:00","dateModified":"2017-09-11T18:01:38+00:00","mainEntityOfPage":{"@id":"https:\/\/staging.macabro.mx\/recomendacionpurga-rec\/"},"wordCount":183,"commentCount":0,"publisher":{"@id":"https:\/\/staging.macabro.mx\/#organization"},"image":{"@id":"https:\/\/staging.macabro.mx\/recomendacionpurga-rec\/#primaryimage"},"thumbnailUrl":"https:\/\/staging.macabro.mx\/wp-content\/uploads\/2017\/08\/hfv0m3bt.jpg","keywords":["cine de terror","Cine espa\u00f1ol","Horror Films","Jaume Balaguero","Macabro FICH","Paco Plaza","Purga","Purga TV","Rec","Recomendaciones Purga","Spanish horror cinema","Streaming","Zombies"],"inLanguage":"en-US","potentialAction":[{"@type":"CommentAction","name":"Comment","target":["https:\/\/staging.macabro.mx\/recomendacionpurga-rec\/#respond"]}]},{"@type":"WebPage","@id":"https:\/\/staging.macabro.mx\/recomendacionpurga-rec\/","url":"https:\/\/staging.macabro.mx\/recomendacionpurga-rec\/","name":"#RecomendacionPurga: REC | Macabro","isPartOf":{"@id":"https:\/\/staging.macabro.mx\/#website"},"primaryImageOfPage":{"@id":"https:\/\/staging.macabro.mx\/recomendacionpurga-rec\/#primaryimage"},"image":{"@id":"https:\/\/staging.macabro.mx\/recomendacionpurga-rec\/#primaryimage"},"thumbnailUrl":"https:\/\/staging.macabro.mx\/wp-content\/uploads\/2017\/08\/hfv0m3bt.jpg","datePublished":"2017-08-16T14:25:46+00:00","dateModified":"2017-09-11T18:01:38+00:00","breadcrumb":{"@id":"https:\/\/staging.macabro.mx\/recomendacionpurga-rec\/#breadcrumb"},"inLanguage":"en-US","potentialAction":[{"@type":"ReadAction","target":["https:\/\/staging.macabro.mx\/recomendacionpurga-rec\/"]}]},{"@type":"ImageObject","inLanguage":"en-US","@id":"https:\/\/staging.macabro.mx\/recomendacionpurga-rec\/#primaryimage","url":"https:\/\/staging.macabro.mx\/wp-content\/uploads\/2017\/08\/hfv0m3bt.jpg","contentUrl":"https:\/\/staging.macabro.mx\/wp-content\/uploads\/2017\/08\/hfv0m3bt.jpg","width":500,"height":692},{"@type":"BreadcrumbList","@id":"https:\/\/staging.macabro.mx\/recomendacionpurga-rec\/#breadcrumb","itemListElement":[{"@type":"ListItem","position":1,"name":"Home","item":"https:\/\/staging.macabro.mx\/"},{"@type":"ListItem","position":2,"name":"Diario Macabro","item":"https:\/\/staging.macabro.mx\/category\/diario-macabro\/"},{"@type":"ListItem","position":3,"name":"Purga","item":"https:\/\/staging.macabro.mx\/category\/diario-macabro\/purga\/"},{"@type":"ListItem","position":4,"name":"#RecomendacionPurga: REC"}]},{"@type":"WebSite","@id":"https:\/\/staging.macabro.mx\/#website","url":"https:\/\/staging.macabro.mx\/","name":"Macabro","description":"Festival Internacional de Cine de Horror","publisher":{"@id":"https:\/\/staging.macabro.mx\/#organization"},"potentialAction":[{"@type":"SearchAction","target":{"@type":"EntryPoint","urlTemplate":"https:\/\/staging.macabro.mx\/?s={search_term_string}"},"query-input":{"@type":"PropertyValueSpecification","valueRequired":true,"valueName":"search_term_string"}}],"inLanguage":"en-US"},{"@type":"Organization","@id":"https:\/\/staging.macabro.mx\/#organization","name":"Macabro Film Festival 2025","url":"https:\/\/staging.macabro.mx\/","logo":{"@type":"ImageObject","inLanguage":"en-US","@id":"https:\/\/staging.macabro.mx\/#\/schema\/logo\/image\/","url":"https:\/\/staging.macabro.mx\/wp-content\/uploads\/2020\/11\/logo-macabro.png","contentUrl":"https:\/\/staging.macabro.mx\/wp-content\/uploads\/2020\/11\/logo-macabro.png","width":870,"height":336,"caption":"Macabro Film Festival 2025"},"image":{"@id":"https:\/\/staging.macabro.mx\/#\/schema\/logo\/image\/"},"sameAs":["https:\/\/www.facebook.com\/MacabroFICH","https:\/\/x.com\/MacabroFICH","https:\/\/www.instagram.com\/macabrofich\/","https:\/\/www.youtube.com\/user\/macabrofest"]},{"@type":"Person","@id":"https:\/\/staging.macabro.mx\/#\/schema\/person\/cb1d7e57b8371a3558481dab1425691d","name":"Diario Macabro","image":{"@type":"ImageObject","inLanguage":"en-US","@id":"https:\/\/secure.gravatar.com\/avatar\/c503ddb7b9ab82ba0cd034365e426a9406aee5285d5579fbb648e22029e78d98?s=96&d=mm&r=g","url":"https:\/\/secure.gravatar.com\/avatar\/c503ddb7b9ab82ba0cd034365e426a9406aee5285d5579fbb648e22029e78d98?s=96&d=mm&r=g","contentUrl":"https:\/\/secure.gravatar.com\/avatar\/c503ddb7b9ab82ba0cd034365e426a9406aee5285d5579fbb648e22029e78d98?s=96&d=mm&r=g","caption":"Diario Macabro"},"url":"https:\/\/staging.macabro.mx\/en\/author\/diario-macabro\/"}]}},"_links":{"self":[{"href":"https:\/\/staging.macabro.mx\/en\/wp-json\/wp\/v2\/posts\/2139","targetHints":{"allow":["GET"]}}],"collection":[{"href":"https:\/\/staging.macabro.mx\/en\/wp-json\/wp\/v2\/posts"}],"about":[{"href":"https:\/\/staging.macabro.mx\/en\/wp-json\/wp\/v2\/types\/post"}],"author":[{"embeddable":true,"href":"https:\/\/staging.macabro.mx\/en\/wp-json\/wp\/v2\/users\/2"}],"replies":[{"embeddable":true,"href":"https:\/\/staging.macabro.mx\/en\/wp-json\/wp\/v2\/comments?post=2139"}],"version-history":[{"count":6,"href":"https:\/\/staging.macabro.mx\/en\/wp-json\/wp\/v2\/posts\/2139\/revisions"}],"predecessor-version":[{"id":2201,"href":"https:\/\/staging.macabro.mx\/en\/wp-json\/wp\/v2\/posts\/2139\/revisions\/2201"}],"wp:featuredmedia":[{"embeddable":true,"href":"https:\/\/staging.macabro.mx\/en\/wp-json\/wp\/v2\/media\/2140"}],"wp:attachment":[{"href":"https:\/\/staging.macabro.mx\/en\/wp-json\/wp\/v2\/media?parent=2139"}],"wp:term":[{"taxonomy":"category","embeddable":true,"href":"https:\/\/staging.macabro.mx\/en\/wp-json\/wp\/v2\/categories?post=2139"},{"taxonomy":"post_tag","embeddable":true,"href":"https:\/\/staging.macabro.mx\/en\/wp-json\/wp\/v2\/tags?post=2139"},{"taxonomy":"festival_year","embeddable":true,"href":"https:\/\/staging.macabro.mx\/en\/wp-json\/wp\/v2\/festival_year?post=2139"}],"curies":[{"name":"wp","href":"https:\/\/api.w.org\/{rel}","templated":true}]}}