{"id":1950,"date":"2017-03-09T19:23:38","date_gmt":"2017-03-10T01:23:38","guid":{"rendered":"https:\/\/staging.macabro.mx\/?p=1950"},"modified":"2017-03-09T19:23:38","modified_gmt":"2017-03-10T01:23:38","slug":"convocatorias-1era-convocatoria-cortometraje-fica-2017","status":"publish","type":"post","link":"https:\/\/staging.macabro.mx\/en\/convocatorias-1era-convocatoria-cortometraje-fica-2017\/","title":{"rendered":"#Convocatorias: 1era. convocatoria cortometraje FICA 2017"},"content":{"rendered":"<p><span style=\"color: #ff0000;\">El Gobierno de la Ciudad de M\u00e9xico convoca:<\/span><\/p>\n<p><strong>Con el objetivo de apoyar la creatividad de las y los j\u00f3venes en la Ciudad de M\u00e9xico y como parte del programa de actividades art\u00edsticas de la Feria Internacional de las Culturas Amigas 2017, el Gobierno de la Ciudad de M\u00e9xico, a trav\u00e9s de la Coordinaci\u00f3n General de Asuntos Internacionales y la Secretar\u00eda de Cultura, en colaboraci\u00f3n con el FARO (F\u00e1brica de Artes y Oficios) de Arag\u00f3n y con el apoyo t\u00e9cnico de la Comisi\u00f3n de Filmaciones y PROCINE, convoca a participar en el Primer Concurso de Cortometrajes \u201cCiudad de M\u00e9xico: lugar donde las culturas dialogan\u201d.<\/strong><\/p>\n<p>Consulta las bases en:\u00a0http:\/\/www.internacionales.cdmx.gob.mx\/cortometrajeFICA2017\/<\/p>\n<p><img loading=\"lazy\" decoding=\"async\" width=\"700\" height=\"1037\" class=\"alignnone size-large wp-image-1953 aligncenter\" src=\"https:\/\/staging.macabro.mx\/wp-content\/uploads\/2017\/03\/CONVOCATORIA-CORTOMETRAJE-DIVERSIDAD-CARTEL-60x90-13-ENE-FINAL-700x1037.jpg\" alt=\"CONVOCATORIA CORTOMETRAJE DIVERSIDAD - CARTEL-60x90 - 13 ENE - FINAL\" srcset=\"https:\/\/staging.macabro.mx\/wp-content\/uploads\/2017\/03\/CONVOCATORIA-CORTOMETRAJE-DIVERSIDAD-CARTEL-60x90-13-ENE-FINAL-700x1037.jpg 700w, https:\/\/staging.macabro.mx\/wp-content\/uploads\/2017\/03\/CONVOCATORIA-CORTOMETRAJE-DIVERSIDAD-CARTEL-60x90-13-ENE-FINAL-250x370.jpg 250w, https:\/\/staging.macabro.mx\/wp-content\/uploads\/2017\/03\/CONVOCATORIA-CORTOMETRAJE-DIVERSIDAD-CARTEL-60x90-13-ENE-FINAL-768x1138.jpg 768w, https:\/\/staging.macabro.mx\/wp-content\/uploads\/2017\/03\/CONVOCATORIA-CORTOMETRAJE-DIVERSIDAD-CARTEL-60x90-13-ENE-FINAL-120x178.jpg 120w\" sizes=\"auto, (max-width: 700px) 100vw, 700px\" \/><\/p>","protected":false},"excerpt":{"rendered":"El Gobierno de la Ciudad de M\u00e9xico convoca: Con el objetivo de apoyar la creatividad de las y los j\u00f3venes en la Ciudad de M\u00e9xico y como parte del programa de actividades art\u00edsticas de la Feria Internacional de las Culturas Amigas 2017, el Gobierno de la Ciudad de M\u00e9xico, a trav\u00e9s de la Coordinaci\u00f3n General","protected":false},"author":2,"featured_media":1953,"comment_status":"open","ping_status":"open","sticky":false,"template":"","format":"standard","meta":{"_acf_changed":false,"footnotes":""},"categories":[2],"tags":[65,43,337,253,393,394,392,391],"festival_year":[],"class_list":["post-1950","post","type-post","status-publish","format-standard","has-post-thumbnail","hentry","category-diario-macabro","tag-cdmx","tag-cine-mexicano","tag-convocatorias","tag-cortometrajes","tag-feria-internacional-de-las-culturas-amigas","tag-ferias","tag-fica","tag-procine"],"acf":[],"yoast_head":"<!-- This site is optimized with the Yoast SEO plugin v27.2 - https:\/\/yoast.com\/product\/yoast-seo-wordpress\/ -->\n<title>#Convocatorias: 1era. convocatoria cortometraje FICA 2017 | Macabro<\/title>\n<meta name=\"robots\" content=\"index, follow, max-snippet:-1, max-image-preview:large, max-video-preview:-1\" \/>\n<link rel=\"canonical\" href=\"https:\/\/staging.macabro.mx\/en\/convocatorias-1era-convocatoria-cortometraje-fica-2017\/\" \/>\n<meta property=\"og:locale\" content=\"en_US\" \/>\n<meta property=\"og:type\" content=\"article\" \/>\n<meta property=\"og:title\" content=\"#Convocatorias: 1era. convocatoria cortometraje FICA 2017 | Macabro\" \/>\n<meta property=\"og:description\" content=\"El Gobierno de la Ciudad de M\u00e9xico convoca: Con el objetivo de apoyar la creatividad de las y los j\u00f3venes en la Ciudad de M\u00e9xico y como parte del programa de actividades art\u00edsticas de la Feria Internacional de las Culturas Amigas 2017, el Gobierno de la Ciudad de M\u00e9xico, a trav\u00e9s de la Coordinaci\u00f3n General\" \/>\n<meta property=\"og:url\" content=\"https:\/\/staging.macabro.mx\/en\/convocatorias-1era-convocatoria-cortometraje-fica-2017\/\" \/>\n<meta property=\"og:site_name\" content=\"Macabro\" \/>\n<meta property=\"article:publisher\" content=\"https:\/\/www.facebook.com\/MacabroFICH\" \/>\n<meta property=\"article:published_time\" content=\"2017-03-10T01:23:38+00:00\" \/>\n<meta property=\"og:image\" content=\"https:\/\/staging.macabro.mx\/wp-content\/uploads\/2017\/03\/CONVOCATORIA-CORTOMETRAJE-DIVERSIDAD-CARTEL-60x90-13-ENE-FINAL.jpg\" \/>\n\t<meta property=\"og:image:width\" content=\"3680\" \/>\n\t<meta property=\"og:image:height\" content=\"5452\" \/>\n\t<meta property=\"og:image:type\" content=\"image\/jpeg\" \/>\n<meta name=\"author\" content=\"Diario Macabro\" \/>\n<meta name=\"twitter:card\" content=\"summary_large_image\" \/>\n<meta name=\"twitter:creator\" content=\"@MacabroFICH\" \/>\n<meta name=\"twitter:site\" content=\"@MacabroFICH\" \/>\n<meta name=\"twitter:label1\" content=\"Written by\" \/>\n\t<meta name=\"twitter:data1\" content=\"Diario Macabro\" \/>\n\t<meta name=\"twitter:label2\" content=\"Est. reading time\" \/>\n\t<meta name=\"twitter:data2\" content=\"1 minute\" \/>\n<script type=\"application\/ld+json\" class=\"yoast-schema-graph\">{\"@context\":\"https:\/\/schema.org\",\"@graph\":[{\"@type\":\"Article\",\"@id\":\"https:\/\/staging.macabro.mx\/convocatorias-1era-convocatoria-cortometraje-fica-2017\/#article\",\"isPartOf\":{\"@id\":\"https:\/\/staging.macabro.mx\/convocatorias-1era-convocatoria-cortometraje-fica-2017\/\"},\"author\":{\"name\":\"Diario Macabro\",\"@id\":\"https:\/\/staging.macabro.mx\/#\/schema\/person\/cb1d7e57b8371a3558481dab1425691d\"},\"headline\":\"#Convocatorias: 1era. convocatoria cortometraje FICA 2017\",\"datePublished\":\"2017-03-10T01:23:38+00:00\",\"mainEntityOfPage\":{\"@id\":\"https:\/\/staging.macabro.mx\/convocatorias-1era-convocatoria-cortometraje-fica-2017\/\"},\"wordCount\":133,\"commentCount\":0,\"publisher\":{\"@id\":\"https:\/\/staging.macabro.mx\/#organization\"},\"image\":{\"@id\":\"https:\/\/staging.macabro.mx\/convocatorias-1era-convocatoria-cortometraje-fica-2017\/#primaryimage\"},\"thumbnailUrl\":\"https:\/\/staging.macabro.mx\/wp-content\/uploads\/2017\/03\/CONVOCATORIA-CORTOMETRAJE-DIVERSIDAD-CARTEL-60x90-13-ENE-FINAL.jpg\",\"keywords\":[\"CDMX\",\"cine mexicano\",\"Convocatorias\",\"Cortometrajes\",\"Feria Internacional de las Culturas Amigas\",\"Ferias\",\"FICA\",\"Procine\"],\"articleSection\":[\"Diario Macabro\"],\"inLanguage\":\"en-US\",\"potentialAction\":[{\"@type\":\"CommentAction\",\"name\":\"Comment\",\"target\":[\"https:\/\/staging.macabro.mx\/convocatorias-1era-convocatoria-cortometraje-fica-2017\/#respond\"]}]},{\"@type\":\"WebPage\",\"@id\":\"https:\/\/staging.macabro.mx\/convocatorias-1era-convocatoria-cortometraje-fica-2017\/\",\"url\":\"https:\/\/staging.macabro.mx\/convocatorias-1era-convocatoria-cortometraje-fica-2017\/\",\"name\":\"#Convocatorias: 1era. convocatoria cortometraje FICA 2017 | Macabro\",\"isPartOf\":{\"@id\":\"https:\/\/staging.macabro.mx\/#website\"},\"primaryImageOfPage\":{\"@id\":\"https:\/\/staging.macabro.mx\/convocatorias-1era-convocatoria-cortometraje-fica-2017\/#primaryimage\"},\"image\":{\"@id\":\"https:\/\/staging.macabro.mx\/convocatorias-1era-convocatoria-cortometraje-fica-2017\/#primaryimage\"},\"thumbnailUrl\":\"https:\/\/staging.macabro.mx\/wp-content\/uploads\/2017\/03\/CONVOCATORIA-CORTOMETRAJE-DIVERSIDAD-CARTEL-60x90-13-ENE-FINAL.jpg\",\"datePublished\":\"2017-03-10T01:23:38+00:00\",\"breadcrumb\":{\"@id\":\"https:\/\/staging.macabro.mx\/convocatorias-1era-convocatoria-cortometraje-fica-2017\/#breadcrumb\"},\"inLanguage\":\"en-US\",\"potentialAction\":[{\"@type\":\"ReadAction\",\"target\":[\"https:\/\/staging.macabro.mx\/convocatorias-1era-convocatoria-cortometraje-fica-2017\/\"]}]},{\"@type\":\"ImageObject\",\"inLanguage\":\"en-US\",\"@id\":\"https:\/\/staging.macabro.mx\/convocatorias-1era-convocatoria-cortometraje-fica-2017\/#primaryimage\",\"url\":\"https:\/\/staging.macabro.mx\/wp-content\/uploads\/2017\/03\/CONVOCATORIA-CORTOMETRAJE-DIVERSIDAD-CARTEL-60x90-13-ENE-FINAL.jpg\",\"contentUrl\":\"https:\/\/staging.macabro.mx\/wp-content\/uploads\/2017\/03\/CONVOCATORIA-CORTOMETRAJE-DIVERSIDAD-CARTEL-60x90-13-ENE-FINAL.jpg\",\"width\":3680,\"height\":5452},{\"@type\":\"BreadcrumbList\",\"@id\":\"https:\/\/staging.macabro.mx\/convocatorias-1era-convocatoria-cortometraje-fica-2017\/#breadcrumb\",\"itemListElement\":[{\"@type\":\"ListItem\",\"position\":1,\"name\":\"Home\",\"item\":\"https:\/\/staging.macabro.mx\/\"},{\"@type\":\"ListItem\",\"position\":2,\"name\":\"Diario Macabro\",\"item\":\"https:\/\/staging.macabro.mx\/category\/diario-macabro\/\"},{\"@type\":\"ListItem\",\"position\":3,\"name\":\"#Convocatorias: 1era. convocatoria cortometraje FICA 2017\"}]},{\"@type\":\"WebSite\",\"@id\":\"https:\/\/staging.macabro.mx\/#website\",\"url\":\"https:\/\/staging.macabro.mx\/\",\"name\":\"Macabro\",\"description\":\"Festival Internacional de Cine de Horror\",\"publisher\":{\"@id\":\"https:\/\/staging.macabro.mx\/#organization\"},\"potentialAction\":[{\"@type\":\"SearchAction\",\"target\":{\"@type\":\"EntryPoint\",\"urlTemplate\":\"https:\/\/staging.macabro.mx\/?s={search_term_string}\"},\"query-input\":{\"@type\":\"PropertyValueSpecification\",\"valueRequired\":true,\"valueName\":\"search_term_string\"}}],\"inLanguage\":\"en-US\"},{\"@type\":\"Organization\",\"@id\":\"https:\/\/staging.macabro.mx\/#organization\",\"name\":\"Macabro Film Festival 2025\",\"url\":\"https:\/\/staging.macabro.mx\/\",\"logo\":{\"@type\":\"ImageObject\",\"inLanguage\":\"en-US\",\"@id\":\"https:\/\/staging.macabro.mx\/#\/schema\/logo\/image\/\",\"url\":\"https:\/\/staging.macabro.mx\/wp-content\/uploads\/2020\/11\/logo-macabro.png\",\"contentUrl\":\"https:\/\/staging.macabro.mx\/wp-content\/uploads\/2020\/11\/logo-macabro.png\",\"width\":870,\"height\":336,\"caption\":\"Macabro Film Festival 2025\"},\"image\":{\"@id\":\"https:\/\/staging.macabro.mx\/#\/schema\/logo\/image\/\"},\"sameAs\":[\"https:\/\/www.facebook.com\/MacabroFICH\",\"https:\/\/x.com\/MacabroFICH\",\"https:\/\/www.instagram.com\/macabrofich\/\",\"https:\/\/www.youtube.com\/user\/macabrofest\"]},{\"@type\":\"Person\",\"@id\":\"https:\/\/staging.macabro.mx\/#\/schema\/person\/cb1d7e57b8371a3558481dab1425691d\",\"name\":\"Diario Macabro\",\"image\":{\"@type\":\"ImageObject\",\"inLanguage\":\"en-US\",\"@id\":\"https:\/\/secure.gravatar.com\/avatar\/c503ddb7b9ab82ba0cd034365e426a9406aee5285d5579fbb648e22029e78d98?s=96&d=mm&r=g\",\"url\":\"https:\/\/secure.gravatar.com\/avatar\/c503ddb7b9ab82ba0cd034365e426a9406aee5285d5579fbb648e22029e78d98?s=96&d=mm&r=g\",\"contentUrl\":\"https:\/\/secure.gravatar.com\/avatar\/c503ddb7b9ab82ba0cd034365e426a9406aee5285d5579fbb648e22029e78d98?s=96&d=mm&r=g\",\"caption\":\"Diario Macabro\"},\"url\":\"https:\/\/staging.macabro.mx\/en\/author\/diario-macabro\/\"}]}<\/script>\n<!-- \/ Yoast SEO plugin. -->","yoast_head_json":{"title":"#Convocatorias: 1era. convocatoria cortometraje FICA 2017 | Macabro","robots":{"index":"index","follow":"follow","max-snippet":"max-snippet:-1","max-image-preview":"max-image-preview:large","max-video-preview":"max-video-preview:-1"},"canonical":"https:\/\/staging.macabro.mx\/en\/convocatorias-1era-convocatoria-cortometraje-fica-2017\/","og_locale":"en_US","og_type":"article","og_title":"#Convocatorias: 1era. convocatoria cortometraje FICA 2017 | Macabro","og_description":"El Gobierno de la Ciudad de M\u00e9xico convoca: Con el objetivo de apoyar la creatividad de las y los j\u00f3venes en la Ciudad de M\u00e9xico y como parte del programa de actividades art\u00edsticas de la Feria Internacional de las Culturas Amigas 2017, el Gobierno de la Ciudad de M\u00e9xico, a trav\u00e9s de la Coordinaci\u00f3n General","og_url":"https:\/\/staging.macabro.mx\/en\/convocatorias-1era-convocatoria-cortometraje-fica-2017\/","og_site_name":"Macabro","article_publisher":"https:\/\/www.facebook.com\/MacabroFICH","article_published_time":"2017-03-10T01:23:38+00:00","og_image":[{"width":3680,"height":5452,"url":"https:\/\/staging.macabro.mx\/wp-content\/uploads\/2017\/03\/CONVOCATORIA-CORTOMETRAJE-DIVERSIDAD-CARTEL-60x90-13-ENE-FINAL.jpg","type":"image\/jpeg"}],"author":"Diario Macabro","twitter_card":"summary_large_image","twitter_creator":"@MacabroFICH","twitter_site":"@MacabroFICH","twitter_misc":{"Written by":"Diario Macabro","Est. reading time":"1 minute"},"schema":{"@context":"https:\/\/schema.org","@graph":[{"@type":"Article","@id":"https:\/\/staging.macabro.mx\/convocatorias-1era-convocatoria-cortometraje-fica-2017\/#article","isPartOf":{"@id":"https:\/\/staging.macabro.mx\/convocatorias-1era-convocatoria-cortometraje-fica-2017\/"},"author":{"name":"Diario Macabro","@id":"https:\/\/staging.macabro.mx\/#\/schema\/person\/cb1d7e57b8371a3558481dab1425691d"},"headline":"#Convocatorias: 1era. convocatoria cortometraje FICA 2017","datePublished":"2017-03-10T01:23:38+00:00","mainEntityOfPage":{"@id":"https:\/\/staging.macabro.mx\/convocatorias-1era-convocatoria-cortometraje-fica-2017\/"},"wordCount":133,"commentCount":0,"publisher":{"@id":"https:\/\/staging.macabro.mx\/#organization"},"image":{"@id":"https:\/\/staging.macabro.mx\/convocatorias-1era-convocatoria-cortometraje-fica-2017\/#primaryimage"},"thumbnailUrl":"https:\/\/staging.macabro.mx\/wp-content\/uploads\/2017\/03\/CONVOCATORIA-CORTOMETRAJE-DIVERSIDAD-CARTEL-60x90-13-ENE-FINAL.jpg","keywords":["CDMX","cine mexicano","Convocatorias","Cortometrajes","Feria Internacional de las Culturas Amigas","Ferias","FICA","Procine"],"articleSection":["Diario Macabro"],"inLanguage":"en-US","potentialAction":[{"@type":"CommentAction","name":"Comment","target":["https:\/\/staging.macabro.mx\/convocatorias-1era-convocatoria-cortometraje-fica-2017\/#respond"]}]},{"@type":"WebPage","@id":"https:\/\/staging.macabro.mx\/convocatorias-1era-convocatoria-cortometraje-fica-2017\/","url":"https:\/\/staging.macabro.mx\/convocatorias-1era-convocatoria-cortometraje-fica-2017\/","name":"#Convocatorias: 1era. convocatoria cortometraje FICA 2017 | Macabro","isPartOf":{"@id":"https:\/\/staging.macabro.mx\/#website"},"primaryImageOfPage":{"@id":"https:\/\/staging.macabro.mx\/convocatorias-1era-convocatoria-cortometraje-fica-2017\/#primaryimage"},"image":{"@id":"https:\/\/staging.macabro.mx\/convocatorias-1era-convocatoria-cortometraje-fica-2017\/#primaryimage"},"thumbnailUrl":"https:\/\/staging.macabro.mx\/wp-content\/uploads\/2017\/03\/CONVOCATORIA-CORTOMETRAJE-DIVERSIDAD-CARTEL-60x90-13-ENE-FINAL.jpg","datePublished":"2017-03-10T01:23:38+00:00","breadcrumb":{"@id":"https:\/\/staging.macabro.mx\/convocatorias-1era-convocatoria-cortometraje-fica-2017\/#breadcrumb"},"inLanguage":"en-US","potentialAction":[{"@type":"ReadAction","target":["https:\/\/staging.macabro.mx\/convocatorias-1era-convocatoria-cortometraje-fica-2017\/"]}]},{"@type":"ImageObject","inLanguage":"en-US","@id":"https:\/\/staging.macabro.mx\/convocatorias-1era-convocatoria-cortometraje-fica-2017\/#primaryimage","url":"https:\/\/staging.macabro.mx\/wp-content\/uploads\/2017\/03\/CONVOCATORIA-CORTOMETRAJE-DIVERSIDAD-CARTEL-60x90-13-ENE-FINAL.jpg","contentUrl":"https:\/\/staging.macabro.mx\/wp-content\/uploads\/2017\/03\/CONVOCATORIA-CORTOMETRAJE-DIVERSIDAD-CARTEL-60x90-13-ENE-FINAL.jpg","width":3680,"height":5452},{"@type":"BreadcrumbList","@id":"https:\/\/staging.macabro.mx\/convocatorias-1era-convocatoria-cortometraje-fica-2017\/#breadcrumb","itemListElement":[{"@type":"ListItem","position":1,"name":"Home","item":"https:\/\/staging.macabro.mx\/"},{"@type":"ListItem","position":2,"name":"Diario Macabro","item":"https:\/\/staging.macabro.mx\/category\/diario-macabro\/"},{"@type":"ListItem","position":3,"name":"#Convocatorias: 1era. convocatoria cortometraje FICA 2017"}]},{"@type":"WebSite","@id":"https:\/\/staging.macabro.mx\/#website","url":"https:\/\/staging.macabro.mx\/","name":"Macabro","description":"Festival Internacional de Cine de Horror","publisher":{"@id":"https:\/\/staging.macabro.mx\/#organization"},"potentialAction":[{"@type":"SearchAction","target":{"@type":"EntryPoint","urlTemplate":"https:\/\/staging.macabro.mx\/?s={search_term_string}"},"query-input":{"@type":"PropertyValueSpecification","valueRequired":true,"valueName":"search_term_string"}}],"inLanguage":"en-US"},{"@type":"Organization","@id":"https:\/\/staging.macabro.mx\/#organization","name":"Macabro Film Festival 2025","url":"https:\/\/staging.macabro.mx\/","logo":{"@type":"ImageObject","inLanguage":"en-US","@id":"https:\/\/staging.macabro.mx\/#\/schema\/logo\/image\/","url":"https:\/\/staging.macabro.mx\/wp-content\/uploads\/2020\/11\/logo-macabro.png","contentUrl":"https:\/\/staging.macabro.mx\/wp-content\/uploads\/2020\/11\/logo-macabro.png","width":870,"height":336,"caption":"Macabro Film Festival 2025"},"image":{"@id":"https:\/\/staging.macabro.mx\/#\/schema\/logo\/image\/"},"sameAs":["https:\/\/www.facebook.com\/MacabroFICH","https:\/\/x.com\/MacabroFICH","https:\/\/www.instagram.com\/macabrofich\/","https:\/\/www.youtube.com\/user\/macabrofest"]},{"@type":"Person","@id":"https:\/\/staging.macabro.mx\/#\/schema\/person\/cb1d7e57b8371a3558481dab1425691d","name":"Diario Macabro","image":{"@type":"ImageObject","inLanguage":"en-US","@id":"https:\/\/secure.gravatar.com\/avatar\/c503ddb7b9ab82ba0cd034365e426a9406aee5285d5579fbb648e22029e78d98?s=96&d=mm&r=g","url":"https:\/\/secure.gravatar.com\/avatar\/c503ddb7b9ab82ba0cd034365e426a9406aee5285d5579fbb648e22029e78d98?s=96&d=mm&r=g","contentUrl":"https:\/\/secure.gravatar.com\/avatar\/c503ddb7b9ab82ba0cd034365e426a9406aee5285d5579fbb648e22029e78d98?s=96&d=mm&r=g","caption":"Diario Macabro"},"url":"https:\/\/staging.macabro.mx\/en\/author\/diario-macabro\/"}]}},"_links":{"self":[{"href":"https:\/\/staging.macabro.mx\/en\/wp-json\/wp\/v2\/posts\/1950","targetHints":{"allow":["GET"]}}],"collection":[{"href":"https:\/\/staging.macabro.mx\/en\/wp-json\/wp\/v2\/posts"}],"about":[{"href":"https:\/\/staging.macabro.mx\/en\/wp-json\/wp\/v2\/types\/post"}],"author":[{"embeddable":true,"href":"https:\/\/staging.macabro.mx\/en\/wp-json\/wp\/v2\/users\/2"}],"replies":[{"embeddable":true,"href":"https:\/\/staging.macabro.mx\/en\/wp-json\/wp\/v2\/comments?post=1950"}],"version-history":[{"count":3,"href":"https:\/\/staging.macabro.mx\/en\/wp-json\/wp\/v2\/posts\/1950\/revisions"}],"predecessor-version":[{"id":1956,"href":"https:\/\/staging.macabro.mx\/en\/wp-json\/wp\/v2\/posts\/1950\/revisions\/1956"}],"wp:featuredmedia":[{"embeddable":true,"href":"https:\/\/staging.macabro.mx\/en\/wp-json\/wp\/v2\/media\/1953"}],"wp:attachment":[{"href":"https:\/\/staging.macabro.mx\/en\/wp-json\/wp\/v2\/media?parent=1950"}],"wp:term":[{"taxonomy":"category","embeddable":true,"href":"https:\/\/staging.macabro.mx\/en\/wp-json\/wp\/v2\/categories?post=1950"},{"taxonomy":"post_tag","embeddable":true,"href":"https:\/\/staging.macabro.mx\/en\/wp-json\/wp\/v2\/tags?post=1950"},{"taxonomy":"festival_year","embeddable":true,"href":"https:\/\/staging.macabro.mx\/en\/wp-json\/wp\/v2\/festival_year?post=1950"}],"curies":[{"name":"wp","href":"https:\/\/api.w.org\/{rel}","templated":true}]}}