{"id":1759,"date":"2016-09-28T18:10:43","date_gmt":"2016-09-28T23:10:43","guid":{"rendered":"https:\/\/staging.macabro.mx\/?p=1759"},"modified":"2016-09-28T18:10:43","modified_gmt":"2016-09-28T23:10:43","slug":"macabroxv-inicia-el-tour-de-la-quinceanera-en-film-club-cafe","status":"publish","type":"post","link":"https:\/\/staging.macabro.mx\/en\/macabroxv-inicia-el-tour-de-la-quinceanera-en-film-club-cafe\/","title":{"rendered":"#MacabroXV: Inicia el tour de la quincea\u00f1era en Film Club Cafe"},"content":{"rendered":"<p>La quincea\u00f1era macabra inicia su tour en <a href=\"http:\/\/www.filmclubcafe.com.mx\/\">Film Club Caf\u00e9<\/a>. Como cada a\u00f1o desde 2010, MACABRO visita la zona metropolitana de la CDMX para llevar parte de su programaci\u00f3n a quienes no tuvieron la oportunidad de acudir al festival. As\u00ed,\u00a0\u00a0del 15 al 31 de octubre, presentaremos en el sateluco, una selecci\u00f3n conformada por cortometrajes, pel\u00edculas nacionales e internacionales y un marat\u00f3n nocturno.<\/p>\n<p>Para mayor informaci\u00f3n sobre el ciclo, entra a: www.filmclubcafe.com.mx<\/p>\n<p style=\"text-align: right;\">#MacabroEnTuCiudad<\/p>\n<p style=\"text-align: right;\">#GiraMacabroXV<\/p>\n<p style=\"text-align: right;\">#MacabroCDMX<\/p>\n<p style=\"text-align: right;\">#MacabroXV<\/p>\n<p>&nbsp;<\/p>\n<p><img loading=\"lazy\" decoding=\"async\" width=\"672\" height=\"960\" class=\"size-full wp-image-1760 aligncenter\" src=\"https:\/\/staging.macabro.mx\/wp-content\/uploads\/2016\/09\/14440763_10154596454335970_5130279048947782344_n.jpg\" alt=\"14440763_10154596454335970_5130279048947782344_n\" srcset=\"https:\/\/staging.macabro.mx\/wp-content\/uploads\/2016\/09\/14440763_10154596454335970_5130279048947782344_n.jpg 672w, https:\/\/staging.macabro.mx\/wp-content\/uploads\/2016\/09\/14440763_10154596454335970_5130279048947782344_n-250x357.jpg 250w, https:\/\/staging.macabro.mx\/wp-content\/uploads\/2016\/09\/14440763_10154596454335970_5130279048947782344_n-120x171.jpg 120w\" sizes=\"auto, (max-width: 672px) 100vw, 672px\" \/><\/p>","protected":false},"excerpt":{"rendered":"La quincea\u00f1era macabra inicia su tour en Film Club Caf\u00e9. Como cada a\u00f1o desde 2010, MACABRO visita la zona metropolitana de la CDMX para llevar parte de su programaci\u00f3n a quienes no tuvieron la oportunidad de acudir al festival. As\u00ed,\u00a0\u00a0del 15 al 31 de octubre, presentaremos en el sateluco, una selecci\u00f3n conformada por cortometrajes, pel\u00edculas","protected":false},"author":2,"featured_media":1760,"comment_status":"open","ping_status":"open","sticky":false,"template":"","format":"standard","meta":{"_acf_changed":false,"footnotes":""},"categories":[2],"tags":[65,20,43,249,253,256,250,251,247,255,48,246,135,252,248,254],"festival_year":[],"class_list":["post-1759","post","type-post","status-publish","format-standard","has-post-thumbnail","hentry","category-diario-macabro","tag-cdmx","tag-cine-de-terror","tag-cine-mexicano","tag-ciudad-satelite","tag-cortometrajes","tag-cult-films","tag-estado-de-mexico","tag-festival-de-terror","tag-film-club-cafe","tag-horror-documentary-films","tag-horror-films","tag-macabro-en-tu-ciudad","tag-macabro-xv","tag-mexican-horror-films","tag-satelite","tag-short-films"],"acf":[],"yoast_head":"<!-- This site is optimized with the Yoast SEO plugin v27.2 - https:\/\/yoast.com\/product\/yoast-seo-wordpress\/ -->\n<title>#MacabroXV: Inicia el tour de la quincea\u00f1era en Film Club Cafe | Macabro<\/title>\n<meta name=\"robots\" content=\"index, follow, max-snippet:-1, max-image-preview:large, max-video-preview:-1\" \/>\n<link rel=\"canonical\" href=\"https:\/\/staging.macabro.mx\/en\/macabroxv-inicia-el-tour-de-la-quinceanera-en-film-club-cafe\/\" \/>\n<meta property=\"og:locale\" content=\"en_US\" \/>\n<meta property=\"og:type\" content=\"article\" \/>\n<meta property=\"og:title\" content=\"#MacabroXV: Inicia el tour de la quincea\u00f1era en Film Club Cafe | Macabro\" \/>\n<meta property=\"og:description\" content=\"La quincea\u00f1era macabra inicia su tour en Film Club Caf\u00e9. Como cada a\u00f1o desde 2010, MACABRO visita la zona metropolitana de la CDMX para llevar parte de su programaci\u00f3n a quienes no tuvieron la oportunidad de acudir al festival. As\u00ed,\u00a0\u00a0del 15 al 31 de octubre, presentaremos en el sateluco, una selecci\u00f3n conformada por cortometrajes, pel\u00edculas\" \/>\n<meta property=\"og:url\" content=\"https:\/\/staging.macabro.mx\/en\/macabroxv-inicia-el-tour-de-la-quinceanera-en-film-club-cafe\/\" \/>\n<meta property=\"og:site_name\" content=\"Macabro\" \/>\n<meta property=\"article:publisher\" content=\"https:\/\/www.facebook.com\/MacabroFICH\" \/>\n<meta property=\"article:published_time\" content=\"2016-09-28T23:10:43+00:00\" \/>\n<meta property=\"og:image\" content=\"https:\/\/staging.macabro.mx\/wp-content\/uploads\/2016\/09\/14440763_10154596454335970_5130279048947782344_n.jpg\" \/>\n\t<meta property=\"og:image:width\" content=\"672\" \/>\n\t<meta property=\"og:image:height\" content=\"960\" \/>\n\t<meta property=\"og:image:type\" content=\"image\/jpeg\" \/>\n<meta name=\"author\" content=\"Diario Macabro\" \/>\n<meta name=\"twitter:card\" content=\"summary_large_image\" \/>\n<meta name=\"twitter:creator\" content=\"@MacabroFICH\" \/>\n<meta name=\"twitter:site\" content=\"@MacabroFICH\" \/>\n<meta name=\"twitter:label1\" content=\"Written by\" \/>\n\t<meta name=\"twitter:data1\" content=\"Diario Macabro\" \/>\n<script type=\"application\/ld+json\" class=\"yoast-schema-graph\">{\"@context\":\"https:\/\/schema.org\",\"@graph\":[{\"@type\":\"Article\",\"@id\":\"https:\/\/staging.macabro.mx\/macabroxv-inicia-el-tour-de-la-quinceanera-en-film-club-cafe\/#article\",\"isPartOf\":{\"@id\":\"https:\/\/staging.macabro.mx\/macabroxv-inicia-el-tour-de-la-quinceanera-en-film-club-cafe\/\"},\"author\":{\"name\":\"Diario Macabro\",\"@id\":\"https:\/\/staging.macabro.mx\/#\/schema\/person\/cb1d7e57b8371a3558481dab1425691d\"},\"headline\":\"#MacabroXV: Inicia el tour de la quincea\u00f1era en Film Club Cafe\",\"datePublished\":\"2016-09-28T23:10:43+00:00\",\"mainEntityOfPage\":{\"@id\":\"https:\/\/staging.macabro.mx\/macabroxv-inicia-el-tour-de-la-quinceanera-en-film-club-cafe\/\"},\"wordCount\":96,\"commentCount\":0,\"publisher\":{\"@id\":\"https:\/\/staging.macabro.mx\/#organization\"},\"image\":{\"@id\":\"https:\/\/staging.macabro.mx\/macabroxv-inicia-el-tour-de-la-quinceanera-en-film-club-cafe\/#primaryimage\"},\"thumbnailUrl\":\"https:\/\/staging.macabro.mx\/wp-content\/uploads\/2016\/09\/14440763_10154596454335970_5130279048947782344_n.jpg\",\"keywords\":[\"CDMX\",\"cine de terror\",\"cine mexicano\",\"Ciudad Satelite\",\"Cortometrajes\",\"Cult films\",\"Estado de M\u00e9xico\",\"festival de terror\",\"Film Club Cafe\",\"Horror documentary films\",\"Horror Films\",\"Macabro en tu ciudad\",\"Macabro XV\",\"Mexican Horror Films\",\"Sat\u00e9lite\",\"Short films\"],\"articleSection\":[\"Diario Macabro\"],\"inLanguage\":\"en-US\",\"potentialAction\":[{\"@type\":\"CommentAction\",\"name\":\"Comment\",\"target\":[\"https:\/\/staging.macabro.mx\/macabroxv-inicia-el-tour-de-la-quinceanera-en-film-club-cafe\/#respond\"]}]},{\"@type\":\"WebPage\",\"@id\":\"https:\/\/staging.macabro.mx\/macabroxv-inicia-el-tour-de-la-quinceanera-en-film-club-cafe\/\",\"url\":\"https:\/\/staging.macabro.mx\/macabroxv-inicia-el-tour-de-la-quinceanera-en-film-club-cafe\/\",\"name\":\"#MacabroXV: Inicia el tour de la quincea\u00f1era en Film Club Cafe | Macabro\",\"isPartOf\":{\"@id\":\"https:\/\/staging.macabro.mx\/#website\"},\"primaryImageOfPage\":{\"@id\":\"https:\/\/staging.macabro.mx\/macabroxv-inicia-el-tour-de-la-quinceanera-en-film-club-cafe\/#primaryimage\"},\"image\":{\"@id\":\"https:\/\/staging.macabro.mx\/macabroxv-inicia-el-tour-de-la-quinceanera-en-film-club-cafe\/#primaryimage\"},\"thumbnailUrl\":\"https:\/\/staging.macabro.mx\/wp-content\/uploads\/2016\/09\/14440763_10154596454335970_5130279048947782344_n.jpg\",\"datePublished\":\"2016-09-28T23:10:43+00:00\",\"breadcrumb\":{\"@id\":\"https:\/\/staging.macabro.mx\/macabroxv-inicia-el-tour-de-la-quinceanera-en-film-club-cafe\/#breadcrumb\"},\"inLanguage\":\"en-US\",\"potentialAction\":[{\"@type\":\"ReadAction\",\"target\":[\"https:\/\/staging.macabro.mx\/macabroxv-inicia-el-tour-de-la-quinceanera-en-film-club-cafe\/\"]}]},{\"@type\":\"ImageObject\",\"inLanguage\":\"en-US\",\"@id\":\"https:\/\/staging.macabro.mx\/macabroxv-inicia-el-tour-de-la-quinceanera-en-film-club-cafe\/#primaryimage\",\"url\":\"https:\/\/staging.macabro.mx\/wp-content\/uploads\/2016\/09\/14440763_10154596454335970_5130279048947782344_n.jpg\",\"contentUrl\":\"https:\/\/staging.macabro.mx\/wp-content\/uploads\/2016\/09\/14440763_10154596454335970_5130279048947782344_n.jpg\",\"width\":672,\"height\":960},{\"@type\":\"BreadcrumbList\",\"@id\":\"https:\/\/staging.macabro.mx\/macabroxv-inicia-el-tour-de-la-quinceanera-en-film-club-cafe\/#breadcrumb\",\"itemListElement\":[{\"@type\":\"ListItem\",\"position\":1,\"name\":\"Home\",\"item\":\"https:\/\/staging.macabro.mx\/\"},{\"@type\":\"ListItem\",\"position\":2,\"name\":\"Diario Macabro\",\"item\":\"https:\/\/staging.macabro.mx\/category\/diario-macabro\/\"},{\"@type\":\"ListItem\",\"position\":3,\"name\":\"#MacabroXV: Inicia el tour de la quincea\u00f1era en Film Club Cafe\"}]},{\"@type\":\"WebSite\",\"@id\":\"https:\/\/staging.macabro.mx\/#website\",\"url\":\"https:\/\/staging.macabro.mx\/\",\"name\":\"Macabro\",\"description\":\"Festival Internacional de Cine de Horror\",\"publisher\":{\"@id\":\"https:\/\/staging.macabro.mx\/#organization\"},\"potentialAction\":[{\"@type\":\"SearchAction\",\"target\":{\"@type\":\"EntryPoint\",\"urlTemplate\":\"https:\/\/staging.macabro.mx\/?s={search_term_string}\"},\"query-input\":{\"@type\":\"PropertyValueSpecification\",\"valueRequired\":true,\"valueName\":\"search_term_string\"}}],\"inLanguage\":\"en-US\"},{\"@type\":\"Organization\",\"@id\":\"https:\/\/staging.macabro.mx\/#organization\",\"name\":\"Macabro Film Festival 2025\",\"url\":\"https:\/\/staging.macabro.mx\/\",\"logo\":{\"@type\":\"ImageObject\",\"inLanguage\":\"en-US\",\"@id\":\"https:\/\/staging.macabro.mx\/#\/schema\/logo\/image\/\",\"url\":\"https:\/\/staging.macabro.mx\/wp-content\/uploads\/2020\/11\/logo-macabro.png\",\"contentUrl\":\"https:\/\/staging.macabro.mx\/wp-content\/uploads\/2020\/11\/logo-macabro.png\",\"width\":870,\"height\":336,\"caption\":\"Macabro Film Festival 2025\"},\"image\":{\"@id\":\"https:\/\/staging.macabro.mx\/#\/schema\/logo\/image\/\"},\"sameAs\":[\"https:\/\/www.facebook.com\/MacabroFICH\",\"https:\/\/x.com\/MacabroFICH\",\"https:\/\/www.instagram.com\/macabrofich\/\",\"https:\/\/www.youtube.com\/user\/macabrofest\"]},{\"@type\":\"Person\",\"@id\":\"https:\/\/staging.macabro.mx\/#\/schema\/person\/cb1d7e57b8371a3558481dab1425691d\",\"name\":\"Diario Macabro\",\"image\":{\"@type\":\"ImageObject\",\"inLanguage\":\"en-US\",\"@id\":\"https:\/\/secure.gravatar.com\/avatar\/c503ddb7b9ab82ba0cd034365e426a9406aee5285d5579fbb648e22029e78d98?s=96&d=mm&r=g\",\"url\":\"https:\/\/secure.gravatar.com\/avatar\/c503ddb7b9ab82ba0cd034365e426a9406aee5285d5579fbb648e22029e78d98?s=96&d=mm&r=g\",\"contentUrl\":\"https:\/\/secure.gravatar.com\/avatar\/c503ddb7b9ab82ba0cd034365e426a9406aee5285d5579fbb648e22029e78d98?s=96&d=mm&r=g\",\"caption\":\"Diario Macabro\"},\"url\":\"https:\/\/staging.macabro.mx\/en\/author\/diario-macabro\/\"}]}<\/script>\n<!-- \/ Yoast SEO plugin. -->","yoast_head_json":{"title":"#MacabroXV: Inicia el tour de la quincea\u00f1era en Film Club Cafe | Macabro","robots":{"index":"index","follow":"follow","max-snippet":"max-snippet:-1","max-image-preview":"max-image-preview:large","max-video-preview":"max-video-preview:-1"},"canonical":"https:\/\/staging.macabro.mx\/en\/macabroxv-inicia-el-tour-de-la-quinceanera-en-film-club-cafe\/","og_locale":"en_US","og_type":"article","og_title":"#MacabroXV: Inicia el tour de la quincea\u00f1era en Film Club Cafe | Macabro","og_description":"La quincea\u00f1era macabra inicia su tour en Film Club Caf\u00e9. Como cada a\u00f1o desde 2010, MACABRO visita la zona metropolitana de la CDMX para llevar parte de su programaci\u00f3n a quienes no tuvieron la oportunidad de acudir al festival. As\u00ed,\u00a0\u00a0del 15 al 31 de octubre, presentaremos en el sateluco, una selecci\u00f3n conformada por cortometrajes, pel\u00edculas","og_url":"https:\/\/staging.macabro.mx\/en\/macabroxv-inicia-el-tour-de-la-quinceanera-en-film-club-cafe\/","og_site_name":"Macabro","article_publisher":"https:\/\/www.facebook.com\/MacabroFICH","article_published_time":"2016-09-28T23:10:43+00:00","og_image":[{"width":672,"height":960,"url":"https:\/\/staging.macabro.mx\/wp-content\/uploads\/2016\/09\/14440763_10154596454335970_5130279048947782344_n.jpg","type":"image\/jpeg"}],"author":"Diario Macabro","twitter_card":"summary_large_image","twitter_creator":"@MacabroFICH","twitter_site":"@MacabroFICH","twitter_misc":{"Written by":"Diario Macabro"},"schema":{"@context":"https:\/\/schema.org","@graph":[{"@type":"Article","@id":"https:\/\/staging.macabro.mx\/macabroxv-inicia-el-tour-de-la-quinceanera-en-film-club-cafe\/#article","isPartOf":{"@id":"https:\/\/staging.macabro.mx\/macabroxv-inicia-el-tour-de-la-quinceanera-en-film-club-cafe\/"},"author":{"name":"Diario Macabro","@id":"https:\/\/staging.macabro.mx\/#\/schema\/person\/cb1d7e57b8371a3558481dab1425691d"},"headline":"#MacabroXV: Inicia el tour de la quincea\u00f1era en Film Club Cafe","datePublished":"2016-09-28T23:10:43+00:00","mainEntityOfPage":{"@id":"https:\/\/staging.macabro.mx\/macabroxv-inicia-el-tour-de-la-quinceanera-en-film-club-cafe\/"},"wordCount":96,"commentCount":0,"publisher":{"@id":"https:\/\/staging.macabro.mx\/#organization"},"image":{"@id":"https:\/\/staging.macabro.mx\/macabroxv-inicia-el-tour-de-la-quinceanera-en-film-club-cafe\/#primaryimage"},"thumbnailUrl":"https:\/\/staging.macabro.mx\/wp-content\/uploads\/2016\/09\/14440763_10154596454335970_5130279048947782344_n.jpg","keywords":["CDMX","cine de terror","cine mexicano","Ciudad Satelite","Cortometrajes","Cult films","Estado de M\u00e9xico","festival de terror","Film Club Cafe","Horror documentary films","Horror Films","Macabro en tu ciudad","Macabro XV","Mexican Horror Films","Sat\u00e9lite","Short films"],"articleSection":["Diario Macabro"],"inLanguage":"en-US","potentialAction":[{"@type":"CommentAction","name":"Comment","target":["https:\/\/staging.macabro.mx\/macabroxv-inicia-el-tour-de-la-quinceanera-en-film-club-cafe\/#respond"]}]},{"@type":"WebPage","@id":"https:\/\/staging.macabro.mx\/macabroxv-inicia-el-tour-de-la-quinceanera-en-film-club-cafe\/","url":"https:\/\/staging.macabro.mx\/macabroxv-inicia-el-tour-de-la-quinceanera-en-film-club-cafe\/","name":"#MacabroXV: Inicia el tour de la quincea\u00f1era en Film Club Cafe | Macabro","isPartOf":{"@id":"https:\/\/staging.macabro.mx\/#website"},"primaryImageOfPage":{"@id":"https:\/\/staging.macabro.mx\/macabroxv-inicia-el-tour-de-la-quinceanera-en-film-club-cafe\/#primaryimage"},"image":{"@id":"https:\/\/staging.macabro.mx\/macabroxv-inicia-el-tour-de-la-quinceanera-en-film-club-cafe\/#primaryimage"},"thumbnailUrl":"https:\/\/staging.macabro.mx\/wp-content\/uploads\/2016\/09\/14440763_10154596454335970_5130279048947782344_n.jpg","datePublished":"2016-09-28T23:10:43+00:00","breadcrumb":{"@id":"https:\/\/staging.macabro.mx\/macabroxv-inicia-el-tour-de-la-quinceanera-en-film-club-cafe\/#breadcrumb"},"inLanguage":"en-US","potentialAction":[{"@type":"ReadAction","target":["https:\/\/staging.macabro.mx\/macabroxv-inicia-el-tour-de-la-quinceanera-en-film-club-cafe\/"]}]},{"@type":"ImageObject","inLanguage":"en-US","@id":"https:\/\/staging.macabro.mx\/macabroxv-inicia-el-tour-de-la-quinceanera-en-film-club-cafe\/#primaryimage","url":"https:\/\/staging.macabro.mx\/wp-content\/uploads\/2016\/09\/14440763_10154596454335970_5130279048947782344_n.jpg","contentUrl":"https:\/\/staging.macabro.mx\/wp-content\/uploads\/2016\/09\/14440763_10154596454335970_5130279048947782344_n.jpg","width":672,"height":960},{"@type":"BreadcrumbList","@id":"https:\/\/staging.macabro.mx\/macabroxv-inicia-el-tour-de-la-quinceanera-en-film-club-cafe\/#breadcrumb","itemListElement":[{"@type":"ListItem","position":1,"name":"Home","item":"https:\/\/staging.macabro.mx\/"},{"@type":"ListItem","position":2,"name":"Diario Macabro","item":"https:\/\/staging.macabro.mx\/category\/diario-macabro\/"},{"@type":"ListItem","position":3,"name":"#MacabroXV: Inicia el tour de la quincea\u00f1era en Film Club Cafe"}]},{"@type":"WebSite","@id":"https:\/\/staging.macabro.mx\/#website","url":"https:\/\/staging.macabro.mx\/","name":"Macabro","description":"Festival Internacional de Cine de Horror","publisher":{"@id":"https:\/\/staging.macabro.mx\/#organization"},"potentialAction":[{"@type":"SearchAction","target":{"@type":"EntryPoint","urlTemplate":"https:\/\/staging.macabro.mx\/?s={search_term_string}"},"query-input":{"@type":"PropertyValueSpecification","valueRequired":true,"valueName":"search_term_string"}}],"inLanguage":"en-US"},{"@type":"Organization","@id":"https:\/\/staging.macabro.mx\/#organization","name":"Macabro Film Festival 2025","url":"https:\/\/staging.macabro.mx\/","logo":{"@type":"ImageObject","inLanguage":"en-US","@id":"https:\/\/staging.macabro.mx\/#\/schema\/logo\/image\/","url":"https:\/\/staging.macabro.mx\/wp-content\/uploads\/2020\/11\/logo-macabro.png","contentUrl":"https:\/\/staging.macabro.mx\/wp-content\/uploads\/2020\/11\/logo-macabro.png","width":870,"height":336,"caption":"Macabro Film Festival 2025"},"image":{"@id":"https:\/\/staging.macabro.mx\/#\/schema\/logo\/image\/"},"sameAs":["https:\/\/www.facebook.com\/MacabroFICH","https:\/\/x.com\/MacabroFICH","https:\/\/www.instagram.com\/macabrofich\/","https:\/\/www.youtube.com\/user\/macabrofest"]},{"@type":"Person","@id":"https:\/\/staging.macabro.mx\/#\/schema\/person\/cb1d7e57b8371a3558481dab1425691d","name":"Diario Macabro","image":{"@type":"ImageObject","inLanguage":"en-US","@id":"https:\/\/secure.gravatar.com\/avatar\/c503ddb7b9ab82ba0cd034365e426a9406aee5285d5579fbb648e22029e78d98?s=96&d=mm&r=g","url":"https:\/\/secure.gravatar.com\/avatar\/c503ddb7b9ab82ba0cd034365e426a9406aee5285d5579fbb648e22029e78d98?s=96&d=mm&r=g","contentUrl":"https:\/\/secure.gravatar.com\/avatar\/c503ddb7b9ab82ba0cd034365e426a9406aee5285d5579fbb648e22029e78d98?s=96&d=mm&r=g","caption":"Diario Macabro"},"url":"https:\/\/staging.macabro.mx\/en\/author\/diario-macabro\/"}]}},"_links":{"self":[{"href":"https:\/\/staging.macabro.mx\/en\/wp-json\/wp\/v2\/posts\/1759","targetHints":{"allow":["GET"]}}],"collection":[{"href":"https:\/\/staging.macabro.mx\/en\/wp-json\/wp\/v2\/posts"}],"about":[{"href":"https:\/\/staging.macabro.mx\/en\/wp-json\/wp\/v2\/types\/post"}],"author":[{"embeddable":true,"href":"https:\/\/staging.macabro.mx\/en\/wp-json\/wp\/v2\/users\/2"}],"replies":[{"embeddable":true,"href":"https:\/\/staging.macabro.mx\/en\/wp-json\/wp\/v2\/comments?post=1759"}],"version-history":[{"count":1,"href":"https:\/\/staging.macabro.mx\/en\/wp-json\/wp\/v2\/posts\/1759\/revisions"}],"predecessor-version":[{"id":1761,"href":"https:\/\/staging.macabro.mx\/en\/wp-json\/wp\/v2\/posts\/1759\/revisions\/1761"}],"wp:featuredmedia":[{"embeddable":true,"href":"https:\/\/staging.macabro.mx\/en\/wp-json\/wp\/v2\/media\/1760"}],"wp:attachment":[{"href":"https:\/\/staging.macabro.mx\/en\/wp-json\/wp\/v2\/media?parent=1759"}],"wp:term":[{"taxonomy":"category","embeddable":true,"href":"https:\/\/staging.macabro.mx\/en\/wp-json\/wp\/v2\/categories?post=1759"},{"taxonomy":"post_tag","embeddable":true,"href":"https:\/\/staging.macabro.mx\/en\/wp-json\/wp\/v2\/tags?post=1759"},{"taxonomy":"festival_year","embeddable":true,"href":"https:\/\/staging.macabro.mx\/en\/wp-json\/wp\/v2\/festival_year?post=1759"}],"curies":[{"name":"wp","href":"https:\/\/api.w.org\/{rel}","templated":true}]}}