{"id":1712,"date":"2016-08-26T10:06:55","date_gmt":"2016-08-26T15:06:55","guid":{"rendered":"https:\/\/staging.macabro.mx\/?p=1712"},"modified":"2016-08-26T10:06:55","modified_gmt":"2016-08-26T15:06:55","slug":"te-invito-a-mis-quince-macabroxv","status":"publish","type":"post","link":"https:\/\/staging.macabro.mx\/en\/te-invito-a-mis-quince-macabroxv\/","title":{"rendered":"Te invito a mis quince #MacabroXV"},"content":{"rendered":"<p>\u00a1El momento de celebrar ha llegado! Cientos de entes macabro se dan cita en el <a id=\"js_3q\" href=\"https:\/\/www.facebook.com\/bar.rrlive\/\" data-hovercard=\"\/ajax\/hovercard\/page.php?id=142646289260367&amp;extragetparams=%7B%22directed_target_id%22%3A189010678179898%7D\">BAR RR LIVE<\/a> para bailar el vals conmigo, la quincea\u00f1era.<\/p>\n<p>\u00bfQu\u00e9 debes hacer para asistir? Tan s\u00f3lo llevar una m\u00e1scara para nuestro macabro baile. La entrada es completamente gratuita hasta completar el aforo del recinto. (Acude con tu IFE, tendr\u00e1s que dejar al descubierto tu macabro rostro al momento del acceso).<\/p>\n<p>Entre mis invitados especiales estar\u00e1n Los Frankys con el estreno de su videoclip DAME M\u00c1S, dirigido por Laurette Flores, y desde ColombiaZINEMA ZOMBIE FEST (ZZF) DJ Set.<\/p>\n<p><img loading=\"lazy\" decoding=\"async\" width=\"700\" height=\"694\" class=\"alignnone size-large wp-image-1713 aligncenter\" src=\"https:\/\/staging.macabro.mx\/wp-content\/uploads\/2016\/08\/MacabroXV-1-700x694.jpg\" alt=\"MacabroXV (1)\" srcset=\"https:\/\/staging.macabro.mx\/wp-content\/uploads\/2016\/08\/MacabroXV-1-700x694.jpg 700w, https:\/\/staging.macabro.mx\/wp-content\/uploads\/2016\/08\/MacabroXV-1-150x150.jpg 150w, https:\/\/staging.macabro.mx\/wp-content\/uploads\/2016\/08\/MacabroXV-1-250x248.jpg 250w, https:\/\/staging.macabro.mx\/wp-content\/uploads\/2016\/08\/MacabroXV-1-768x761.jpg 768w, https:\/\/staging.macabro.mx\/wp-content\/uploads\/2016\/08\/MacabroXV-1-120x119.jpg 120w, https:\/\/staging.macabro.mx\/wp-content\/uploads\/2016\/08\/MacabroXV-1.jpg 996w\" sizes=\"auto, (max-width: 700px) 100vw, 700px\" \/><\/p>\n<p>&nbsp;<\/p>","protected":false},"excerpt":{"rendered":"\u00a1El momento de celebrar ha llegado! Cientos de entes macabro se dan cita en el BAR RR LIVE para bailar el vals conmigo, la quincea\u00f1era. \u00bfQu\u00e9 debes hacer para asistir? Tan s\u00f3lo llevar una m\u00e1scara para nuestro macabro baile. La entrada es completamente gratuita hasta completar el aforo del recinto. (Acude con tu IFE, tendr\u00e1s","protected":false},"author":2,"featured_media":1713,"comment_status":"open","ping_status":"open","sticky":false,"template":"","format":"standard","meta":{"_acf_changed":false,"footnotes":""},"categories":[2],"tags":[198,197,65,195,48,202,23,54,196,199,200,203,201,137],"festival_year":[],"class_list":["post-1712","post","type-post","status-publish","format-standard","has-post-thumbnail","hentry","category-diario-macabro","tag-fiesta","tag-party","tag-cdmx","tag-horror-film-festival","tag-horror-films","tag-los-frankys","tag-macabro-fich","tag-macabro-film-festival","tag-macabroxv","tag-mexico-city","tag-rock","tag-rock-mexicano","tag-rockabily","tag-xv-anos"],"acf":[],"yoast_head":"<!-- This site is optimized with the Yoast SEO plugin v27.2 - https:\/\/yoast.com\/product\/yoast-seo-wordpress\/ -->\n<title>Te invito a mis quince #MacabroXV | Macabro<\/title>\n<meta name=\"robots\" content=\"index, follow, max-snippet:-1, max-image-preview:large, max-video-preview:-1\" \/>\n<link rel=\"canonical\" href=\"https:\/\/staging.macabro.mx\/en\/te-invito-a-mis-quince-macabroxv\/\" \/>\n<meta property=\"og:locale\" content=\"en_US\" \/>\n<meta property=\"og:type\" content=\"article\" \/>\n<meta property=\"og:title\" content=\"Te invito a mis quince #MacabroXV | Macabro\" \/>\n<meta property=\"og:description\" content=\"\u00a1El momento de celebrar ha llegado! Cientos de entes macabro se dan cita en el BAR RR LIVE para bailar el vals conmigo, la quincea\u00f1era. \u00bfQu\u00e9 debes hacer para asistir? Tan s\u00f3lo llevar una m\u00e1scara para nuestro macabro baile. La entrada es completamente gratuita hasta completar el aforo del recinto. (Acude con tu IFE, tendr\u00e1s\" \/>\n<meta property=\"og:url\" content=\"https:\/\/staging.macabro.mx\/en\/te-invito-a-mis-quince-macabroxv\/\" \/>\n<meta property=\"og:site_name\" content=\"Macabro\" \/>\n<meta property=\"article:publisher\" content=\"https:\/\/www.facebook.com\/MacabroFICH\" \/>\n<meta property=\"article:published_time\" content=\"2016-08-26T15:06:55+00:00\" \/>\n<meta property=\"og:image\" content=\"https:\/\/staging.macabro.mx\/wp-content\/uploads\/2016\/08\/MacabroXV-1.jpg\" \/>\n\t<meta property=\"og:image:width\" content=\"996\" \/>\n\t<meta property=\"og:image:height\" content=\"987\" \/>\n\t<meta property=\"og:image:type\" content=\"image\/jpeg\" \/>\n<meta name=\"author\" content=\"Diario Macabro\" \/>\n<meta name=\"twitter:card\" content=\"summary_large_image\" \/>\n<meta name=\"twitter:creator\" content=\"@MacabroFICH\" \/>\n<meta name=\"twitter:site\" content=\"@MacabroFICH\" \/>\n<meta name=\"twitter:label1\" content=\"Written by\" \/>\n\t<meta name=\"twitter:data1\" content=\"Diario Macabro\" \/>\n\t<meta name=\"twitter:label2\" content=\"Est. reading time\" \/>\n\t<meta name=\"twitter:data2\" content=\"1 minute\" \/>\n<script type=\"application\/ld+json\" class=\"yoast-schema-graph\">{\"@context\":\"https:\/\/schema.org\",\"@graph\":[{\"@type\":\"Article\",\"@id\":\"https:\/\/staging.macabro.mx\/te-invito-a-mis-quince-macabroxv\/#article\",\"isPartOf\":{\"@id\":\"https:\/\/staging.macabro.mx\/te-invito-a-mis-quince-macabroxv\/\"},\"author\":{\"name\":\"Diario Macabro\",\"@id\":\"https:\/\/staging.macabro.mx\/#\/schema\/person\/cb1d7e57b8371a3558481dab1425691d\"},\"headline\":\"Te invito a mis quince #MacabroXV\",\"datePublished\":\"2016-08-26T15:06:55+00:00\",\"mainEntityOfPage\":{\"@id\":\"https:\/\/staging.macabro.mx\/te-invito-a-mis-quince-macabroxv\/\"},\"wordCount\":106,\"commentCount\":0,\"publisher\":{\"@id\":\"https:\/\/staging.macabro.mx\/#organization\"},\"image\":{\"@id\":\"https:\/\/staging.macabro.mx\/te-invito-a-mis-quince-macabroxv\/#primaryimage\"},\"thumbnailUrl\":\"https:\/\/staging.macabro.mx\/wp-content\/uploads\/2016\/08\/MacabroXV-1.jpg\",\"keywords\":[\"#Fiesta\",\"#Party\",\"CDMX\",\"Horror Film Festival\",\"Horror Films\",\"Los Frankys\",\"Macabro FICH\",\"Macabro Film Festival\",\"MacabroXV\",\"Mexico City\",\"Rock\",\"Rock mexicano\",\"Rockabily\",\"XV a\u00f1os\"],\"articleSection\":[\"Diario Macabro\"],\"inLanguage\":\"en-US\",\"potentialAction\":[{\"@type\":\"CommentAction\",\"name\":\"Comment\",\"target\":[\"https:\/\/staging.macabro.mx\/te-invito-a-mis-quince-macabroxv\/#respond\"]}]},{\"@type\":\"WebPage\",\"@id\":\"https:\/\/staging.macabro.mx\/te-invito-a-mis-quince-macabroxv\/\",\"url\":\"https:\/\/staging.macabro.mx\/te-invito-a-mis-quince-macabroxv\/\",\"name\":\"Te invito a mis quince #MacabroXV | Macabro\",\"isPartOf\":{\"@id\":\"https:\/\/staging.macabro.mx\/#website\"},\"primaryImageOfPage\":{\"@id\":\"https:\/\/staging.macabro.mx\/te-invito-a-mis-quince-macabroxv\/#primaryimage\"},\"image\":{\"@id\":\"https:\/\/staging.macabro.mx\/te-invito-a-mis-quince-macabroxv\/#primaryimage\"},\"thumbnailUrl\":\"https:\/\/staging.macabro.mx\/wp-content\/uploads\/2016\/08\/MacabroXV-1.jpg\",\"datePublished\":\"2016-08-26T15:06:55+00:00\",\"breadcrumb\":{\"@id\":\"https:\/\/staging.macabro.mx\/te-invito-a-mis-quince-macabroxv\/#breadcrumb\"},\"inLanguage\":\"en-US\",\"potentialAction\":[{\"@type\":\"ReadAction\",\"target\":[\"https:\/\/staging.macabro.mx\/te-invito-a-mis-quince-macabroxv\/\"]}]},{\"@type\":\"ImageObject\",\"inLanguage\":\"en-US\",\"@id\":\"https:\/\/staging.macabro.mx\/te-invito-a-mis-quince-macabroxv\/#primaryimage\",\"url\":\"https:\/\/staging.macabro.mx\/wp-content\/uploads\/2016\/08\/MacabroXV-1.jpg\",\"contentUrl\":\"https:\/\/staging.macabro.mx\/wp-content\/uploads\/2016\/08\/MacabroXV-1.jpg\",\"width\":996,\"height\":987},{\"@type\":\"BreadcrumbList\",\"@id\":\"https:\/\/staging.macabro.mx\/te-invito-a-mis-quince-macabroxv\/#breadcrumb\",\"itemListElement\":[{\"@type\":\"ListItem\",\"position\":1,\"name\":\"Home\",\"item\":\"https:\/\/staging.macabro.mx\/\"},{\"@type\":\"ListItem\",\"position\":2,\"name\":\"Diario Macabro\",\"item\":\"https:\/\/staging.macabro.mx\/category\/diario-macabro\/\"},{\"@type\":\"ListItem\",\"position\":3,\"name\":\"Te invito a mis quince #MacabroXV\"}]},{\"@type\":\"WebSite\",\"@id\":\"https:\/\/staging.macabro.mx\/#website\",\"url\":\"https:\/\/staging.macabro.mx\/\",\"name\":\"Macabro\",\"description\":\"Festival Internacional de Cine de Horror\",\"publisher\":{\"@id\":\"https:\/\/staging.macabro.mx\/#organization\"},\"potentialAction\":[{\"@type\":\"SearchAction\",\"target\":{\"@type\":\"EntryPoint\",\"urlTemplate\":\"https:\/\/staging.macabro.mx\/?s={search_term_string}\"},\"query-input\":{\"@type\":\"PropertyValueSpecification\",\"valueRequired\":true,\"valueName\":\"search_term_string\"}}],\"inLanguage\":\"en-US\"},{\"@type\":\"Organization\",\"@id\":\"https:\/\/staging.macabro.mx\/#organization\",\"name\":\"Macabro Film Festival 2025\",\"url\":\"https:\/\/staging.macabro.mx\/\",\"logo\":{\"@type\":\"ImageObject\",\"inLanguage\":\"en-US\",\"@id\":\"https:\/\/staging.macabro.mx\/#\/schema\/logo\/image\/\",\"url\":\"https:\/\/staging.macabro.mx\/wp-content\/uploads\/2020\/11\/logo-macabro.png\",\"contentUrl\":\"https:\/\/staging.macabro.mx\/wp-content\/uploads\/2020\/11\/logo-macabro.png\",\"width\":870,\"height\":336,\"caption\":\"Macabro Film Festival 2025\"},\"image\":{\"@id\":\"https:\/\/staging.macabro.mx\/#\/schema\/logo\/image\/\"},\"sameAs\":[\"https:\/\/www.facebook.com\/MacabroFICH\",\"https:\/\/x.com\/MacabroFICH\",\"https:\/\/www.instagram.com\/macabrofich\/\",\"https:\/\/www.youtube.com\/user\/macabrofest\"]},{\"@type\":\"Person\",\"@id\":\"https:\/\/staging.macabro.mx\/#\/schema\/person\/cb1d7e57b8371a3558481dab1425691d\",\"name\":\"Diario Macabro\",\"image\":{\"@type\":\"ImageObject\",\"inLanguage\":\"en-US\",\"@id\":\"https:\/\/secure.gravatar.com\/avatar\/c503ddb7b9ab82ba0cd034365e426a9406aee5285d5579fbb648e22029e78d98?s=96&d=mm&r=g\",\"url\":\"https:\/\/secure.gravatar.com\/avatar\/c503ddb7b9ab82ba0cd034365e426a9406aee5285d5579fbb648e22029e78d98?s=96&d=mm&r=g\",\"contentUrl\":\"https:\/\/secure.gravatar.com\/avatar\/c503ddb7b9ab82ba0cd034365e426a9406aee5285d5579fbb648e22029e78d98?s=96&d=mm&r=g\",\"caption\":\"Diario Macabro\"},\"url\":\"https:\/\/staging.macabro.mx\/en\/author\/diario-macabro\/\"}]}<\/script>\n<!-- \/ Yoast SEO plugin. -->","yoast_head_json":{"title":"Te invito a mis quince #MacabroXV | Macabro","robots":{"index":"index","follow":"follow","max-snippet":"max-snippet:-1","max-image-preview":"max-image-preview:large","max-video-preview":"max-video-preview:-1"},"canonical":"https:\/\/staging.macabro.mx\/en\/te-invito-a-mis-quince-macabroxv\/","og_locale":"en_US","og_type":"article","og_title":"Te invito a mis quince #MacabroXV | Macabro","og_description":"\u00a1El momento de celebrar ha llegado! Cientos de entes macabro se dan cita en el BAR RR LIVE para bailar el vals conmigo, la quincea\u00f1era. \u00bfQu\u00e9 debes hacer para asistir? Tan s\u00f3lo llevar una m\u00e1scara para nuestro macabro baile. La entrada es completamente gratuita hasta completar el aforo del recinto. (Acude con tu IFE, tendr\u00e1s","og_url":"https:\/\/staging.macabro.mx\/en\/te-invito-a-mis-quince-macabroxv\/","og_site_name":"Macabro","article_publisher":"https:\/\/www.facebook.com\/MacabroFICH","article_published_time":"2016-08-26T15:06:55+00:00","og_image":[{"width":996,"height":987,"url":"https:\/\/staging.macabro.mx\/wp-content\/uploads\/2016\/08\/MacabroXV-1.jpg","type":"image\/jpeg"}],"author":"Diario Macabro","twitter_card":"summary_large_image","twitter_creator":"@MacabroFICH","twitter_site":"@MacabroFICH","twitter_misc":{"Written by":"Diario Macabro","Est. reading time":"1 minute"},"schema":{"@context":"https:\/\/schema.org","@graph":[{"@type":"Article","@id":"https:\/\/staging.macabro.mx\/te-invito-a-mis-quince-macabroxv\/#article","isPartOf":{"@id":"https:\/\/staging.macabro.mx\/te-invito-a-mis-quince-macabroxv\/"},"author":{"name":"Diario Macabro","@id":"https:\/\/staging.macabro.mx\/#\/schema\/person\/cb1d7e57b8371a3558481dab1425691d"},"headline":"Te invito a mis quince #MacabroXV","datePublished":"2016-08-26T15:06:55+00:00","mainEntityOfPage":{"@id":"https:\/\/staging.macabro.mx\/te-invito-a-mis-quince-macabroxv\/"},"wordCount":106,"commentCount":0,"publisher":{"@id":"https:\/\/staging.macabro.mx\/#organization"},"image":{"@id":"https:\/\/staging.macabro.mx\/te-invito-a-mis-quince-macabroxv\/#primaryimage"},"thumbnailUrl":"https:\/\/staging.macabro.mx\/wp-content\/uploads\/2016\/08\/MacabroXV-1.jpg","keywords":["#Fiesta","#Party","CDMX","Horror Film Festival","Horror Films","Los Frankys","Macabro FICH","Macabro Film Festival","MacabroXV","Mexico City","Rock","Rock mexicano","Rockabily","XV a\u00f1os"],"articleSection":["Diario Macabro"],"inLanguage":"en-US","potentialAction":[{"@type":"CommentAction","name":"Comment","target":["https:\/\/staging.macabro.mx\/te-invito-a-mis-quince-macabroxv\/#respond"]}]},{"@type":"WebPage","@id":"https:\/\/staging.macabro.mx\/te-invito-a-mis-quince-macabroxv\/","url":"https:\/\/staging.macabro.mx\/te-invito-a-mis-quince-macabroxv\/","name":"Te invito a mis quince #MacabroXV | Macabro","isPartOf":{"@id":"https:\/\/staging.macabro.mx\/#website"},"primaryImageOfPage":{"@id":"https:\/\/staging.macabro.mx\/te-invito-a-mis-quince-macabroxv\/#primaryimage"},"image":{"@id":"https:\/\/staging.macabro.mx\/te-invito-a-mis-quince-macabroxv\/#primaryimage"},"thumbnailUrl":"https:\/\/staging.macabro.mx\/wp-content\/uploads\/2016\/08\/MacabroXV-1.jpg","datePublished":"2016-08-26T15:06:55+00:00","breadcrumb":{"@id":"https:\/\/staging.macabro.mx\/te-invito-a-mis-quince-macabroxv\/#breadcrumb"},"inLanguage":"en-US","potentialAction":[{"@type":"ReadAction","target":["https:\/\/staging.macabro.mx\/te-invito-a-mis-quince-macabroxv\/"]}]},{"@type":"ImageObject","inLanguage":"en-US","@id":"https:\/\/staging.macabro.mx\/te-invito-a-mis-quince-macabroxv\/#primaryimage","url":"https:\/\/staging.macabro.mx\/wp-content\/uploads\/2016\/08\/MacabroXV-1.jpg","contentUrl":"https:\/\/staging.macabro.mx\/wp-content\/uploads\/2016\/08\/MacabroXV-1.jpg","width":996,"height":987},{"@type":"BreadcrumbList","@id":"https:\/\/staging.macabro.mx\/te-invito-a-mis-quince-macabroxv\/#breadcrumb","itemListElement":[{"@type":"ListItem","position":1,"name":"Home","item":"https:\/\/staging.macabro.mx\/"},{"@type":"ListItem","position":2,"name":"Diario Macabro","item":"https:\/\/staging.macabro.mx\/category\/diario-macabro\/"},{"@type":"ListItem","position":3,"name":"Te invito a mis quince #MacabroXV"}]},{"@type":"WebSite","@id":"https:\/\/staging.macabro.mx\/#website","url":"https:\/\/staging.macabro.mx\/","name":"Macabro","description":"Festival Internacional de Cine de Horror","publisher":{"@id":"https:\/\/staging.macabro.mx\/#organization"},"potentialAction":[{"@type":"SearchAction","target":{"@type":"EntryPoint","urlTemplate":"https:\/\/staging.macabro.mx\/?s={search_term_string}"},"query-input":{"@type":"PropertyValueSpecification","valueRequired":true,"valueName":"search_term_string"}}],"inLanguage":"en-US"},{"@type":"Organization","@id":"https:\/\/staging.macabro.mx\/#organization","name":"Macabro Film Festival 2025","url":"https:\/\/staging.macabro.mx\/","logo":{"@type":"ImageObject","inLanguage":"en-US","@id":"https:\/\/staging.macabro.mx\/#\/schema\/logo\/image\/","url":"https:\/\/staging.macabro.mx\/wp-content\/uploads\/2020\/11\/logo-macabro.png","contentUrl":"https:\/\/staging.macabro.mx\/wp-content\/uploads\/2020\/11\/logo-macabro.png","width":870,"height":336,"caption":"Macabro Film Festival 2025"},"image":{"@id":"https:\/\/staging.macabro.mx\/#\/schema\/logo\/image\/"},"sameAs":["https:\/\/www.facebook.com\/MacabroFICH","https:\/\/x.com\/MacabroFICH","https:\/\/www.instagram.com\/macabrofich\/","https:\/\/www.youtube.com\/user\/macabrofest"]},{"@type":"Person","@id":"https:\/\/staging.macabro.mx\/#\/schema\/person\/cb1d7e57b8371a3558481dab1425691d","name":"Diario Macabro","image":{"@type":"ImageObject","inLanguage":"en-US","@id":"https:\/\/secure.gravatar.com\/avatar\/c503ddb7b9ab82ba0cd034365e426a9406aee5285d5579fbb648e22029e78d98?s=96&d=mm&r=g","url":"https:\/\/secure.gravatar.com\/avatar\/c503ddb7b9ab82ba0cd034365e426a9406aee5285d5579fbb648e22029e78d98?s=96&d=mm&r=g","contentUrl":"https:\/\/secure.gravatar.com\/avatar\/c503ddb7b9ab82ba0cd034365e426a9406aee5285d5579fbb648e22029e78d98?s=96&d=mm&r=g","caption":"Diario Macabro"},"url":"https:\/\/staging.macabro.mx\/en\/author\/diario-macabro\/"}]}},"_links":{"self":[{"href":"https:\/\/staging.macabro.mx\/en\/wp-json\/wp\/v2\/posts\/1712","targetHints":{"allow":["GET"]}}],"collection":[{"href":"https:\/\/staging.macabro.mx\/en\/wp-json\/wp\/v2\/posts"}],"about":[{"href":"https:\/\/staging.macabro.mx\/en\/wp-json\/wp\/v2\/types\/post"}],"author":[{"embeddable":true,"href":"https:\/\/staging.macabro.mx\/en\/wp-json\/wp\/v2\/users\/2"}],"replies":[{"embeddable":true,"href":"https:\/\/staging.macabro.mx\/en\/wp-json\/wp\/v2\/comments?post=1712"}],"version-history":[{"count":1,"href":"https:\/\/staging.macabro.mx\/en\/wp-json\/wp\/v2\/posts\/1712\/revisions"}],"predecessor-version":[{"id":1714,"href":"https:\/\/staging.macabro.mx\/en\/wp-json\/wp\/v2\/posts\/1712\/revisions\/1714"}],"wp:featuredmedia":[{"embeddable":true,"href":"https:\/\/staging.macabro.mx\/en\/wp-json\/wp\/v2\/media\/1713"}],"wp:attachment":[{"href":"https:\/\/staging.macabro.mx\/en\/wp-json\/wp\/v2\/media?parent=1712"}],"wp:term":[{"taxonomy":"category","embeddable":true,"href":"https:\/\/staging.macabro.mx\/en\/wp-json\/wp\/v2\/categories?post=1712"},{"taxonomy":"post_tag","embeddable":true,"href":"https:\/\/staging.macabro.mx\/en\/wp-json\/wp\/v2\/tags?post=1712"},{"taxonomy":"festival_year","embeddable":true,"href":"https:\/\/staging.macabro.mx\/en\/wp-json\/wp\/v2\/festival_year?post=1712"}],"curies":[{"name":"wp","href":"https:\/\/api.w.org\/{rel}","templated":true}]}}